{"id":2464,"date":"2020-09-29T15:18:37","date_gmt":"2020-09-29T15:18:37","guid":{"rendered":"https:\/\/ladecimaweb.com\/?p=6926"},"modified":"2020-09-29T15:18:37","modified_gmt":"2020-09-29T15:18:37","slug":"combaten-tres-focos-de-incendio-en-una-jornada-con-fuertes-vientos-y-sin-lluvias","status":"publish","type":"post","link":"http:\/\/hoycordobaweb.com\/index.php\/2020\/09\/29\/combaten-tres-focos-de-incendio-en-una-jornada-con-fuertes-vientos-y-sin-lluvias\/","title":{"rendered":"Combaten tres focos de incendio en una jornada con fuertes vientos y sin lluvias"},"content":{"rendered":"<p><em>El fuego se mantiene activo en Alta Gracia, el norte de Punilla y Alpa Corral y m\u00e1s de 300 bomberos voluntarios combat\u00edan esta ma\u00f1ana los tres incendios forestales en las sierras. El vicegobernador Manuel Calvo calific\u00f3 de &#8220;extremo&#8221; el panorama por los vientos intensos.\u00a0<\/em><\/p>\n<p><em>(Con informaci\u00f3n de T\u00e9lam y de Gobierno)<\/em> M\u00e1s de 300 bomberos voluntarios combaten esta ma\u00f1ana los <strong>tres incendios forestales que se mantienen activos en Alta Gracia, el norte de Punilla y Alpa Corral,<\/strong> en las sierras de C\u00f3rdoba, en una jornada que se presenta con pron\u00f3stico de fuertes vientos desde el norte y sin lluvias.<\/p>\n<p>El director de Defensa Civil, Diego Concha, remarc\u00f3 a T\u00e9lam que <strong>el problema principal<\/strong> para que se descontrolen los fuegos <strong>\u201ces la sequ\u00eda<\/strong> que se presenta en toda la provincia producto de casi cinco meses sin precipitaciones de consideraci\u00f3n\u201d.<\/p>\n<p><img loading=\"lazy\" class=\"alignnone size-full wp-image-6928\" src=\"http:\/\/hoycordobaweb.com\/wp-content\/uploads\/2020\/09\/combaten-tres-focos-de-incendio-en-una-jornada-con-fuertes-vientos-y-sin-lluvias.jpg\" alt=\"\" width=\"1280\" height=\"960\" srcset=\"http:\/\/hoycordobaweb.com\/wp-content\/uploads\/2020\/09\/combaten-tres-focos-de-incendio-en-una-jornada-con-fuertes-vientos-y-sin-lluvias.jpg 1280w, http:\/\/hoycordobaweb.com\/wp-content\/uploads\/2020\/09\/combaten-tres-focos-de-incendio-en-una-jornada-con-fuertes-vientos-y-sin-lluvias-3.jpg 592w, http:\/\/hoycordobaweb.com\/wp-content\/uploads\/2020\/09\/combaten-tres-focos-de-incendio-en-una-jornada-con-fuertes-vientos-y-sin-lluvias-4.jpg 768w\" sizes=\"(max-width: 1280px) 100vw, 1280px\" \/><\/p>\n<p>A la falta de agua, se suma el viento que se registr\u00f3 todo el mes y colabora con la propagaci\u00f3n de los fuegos.<\/p>\n<p>El vicegobernador Manuel Calvo calific\u00f3 de &#8220;extrema&#8221; la situaci\u00f3n por la intensidad de los vientos. &#8220;Las r\u00e1fagas de viento lleg\u00f3 a los ochenta km\/h por hora&#8221;, grafic\u00f3 el funcionario desde la base de operaciones en la localidad de La Cumbre. Desde esa base se monitorea las condiciones clim\u00e1ticas.<\/p>\n<p><strong>&#8220;Hoy va a ser un d\u00eda muy complicado porque el viento zonda va a llegar a la Cordillera y va a afectar a C\u00f3rdoba. Vamos a estar sobre los 30 grados con un viento norte intenso con r\u00e1fagas de hasta 60 km\/h y va a bajar la humedad\u201d<\/strong>, dijo a los medios Claudio Vignetta, secretario de Gesti\u00f3n de Riesgo y Cat\u00e1strofes.<\/p>\n<p>Por otra parte,\u00a0<strong>en la localidad de Agua de los \u00c1rboles<\/strong>, en el departamento Minas, personal de bomberos logr\u00f3 contener un foco de incendio que se inici\u00f3 por la negligencia del due\u00f1o de un campo, que inici\u00f3 las llamas por un descuido luego de la tarea de marcar animales, y quien fue detenido.<\/p>\n<p><img loading=\"lazy\" class=\"alignnone size-full wp-image-6929\" src=\"http:\/\/hoycordobaweb.com\/wp-content\/uploads\/2020\/09\/combaten-tres-focos-de-incendio-en-una-jornada-con-fuertes-vientos-y-sin-lluvias-1.jpg\" alt=\"\" width=\"1280\" height=\"960\" srcset=\"http:\/\/hoycordobaweb.com\/wp-content\/uploads\/2020\/09\/combaten-tres-focos-de-incendio-en-una-jornada-con-fuertes-vientos-y-sin-lluvias-1.jpg 1280w, http:\/\/hoycordobaweb.com\/wp-content\/uploads\/2020\/09\/combaten-tres-focos-de-incendio-en-una-jornada-con-fuertes-vientos-y-sin-lluvias-5.jpg 592w, http:\/\/hoycordobaweb.com\/wp-content\/uploads\/2020\/09\/combaten-tres-focos-de-incendio-en-una-jornada-con-fuertes-vientos-y-sin-lluvias-6.jpg 768w\" sizes=\"(max-width: 1280px) 100vw, 1280px\" \/><\/p>\n<p>El foco de incendio activo en la zona de<strong>\u00a0Alta Gracia<\/strong>\u00a0ocurre cerca del barrio cerrado Potrerillo de Larreta, donde el humo intenso se sit\u00faa en zonas urbanas, aunque no hay evacuados por el momento.<\/p>\n<p><strong>En el norte de Punilla<\/strong>\u00a0se registra desde hace al menos <strong>tres d\u00edas un incendio<\/strong> que cubre las zonas de R\u00edo Pinto, Agua de Los Molles, Characato, Negro Huasi, Estancia Las Palmas, Oro Grueso y Ca\u00f1ada Honda, donde bomberos tienen el apoyo de aviones hidrantes que operan desde la Aeroposta de La Cumbre.<\/p>\n<p><img loading=\"lazy\" class=\"alignnone size-full wp-image-6930\" src=\"http:\/\/hoycordobaweb.com\/wp-content\/uploads\/2020\/09\/combaten-tres-focos-de-incendio-en-una-jornada-con-fuertes-vientos-y-sin-lluvias-2.jpg\" alt=\"\" width=\"2048\" height=\"1536\" srcset=\"http:\/\/hoycordobaweb.com\/wp-content\/uploads\/2020\/09\/combaten-tres-focos-de-incendio-en-una-jornada-con-fuertes-vientos-y-sin-lluvias-2.jpg 2048w, http:\/\/hoycordobaweb.com\/wp-content\/uploads\/2020\/09\/combaten-tres-focos-de-incendio-en-una-jornada-con-fuertes-vientos-y-sin-lluvias-7.jpg 592w, http:\/\/hoycordobaweb.com\/wp-content\/uploads\/2020\/09\/combaten-tres-focos-de-incendio-en-una-jornada-con-fuertes-vientos-y-sin-lluvias-8.jpg 768w, http:\/\/hoycordobaweb.com\/wp-content\/uploads\/2020\/09\/combaten-tres-focos-de-incendio-en-una-jornada-con-fuertes-vientos-y-sin-lluvias-9.jpg 1536w\" sizes=\"(max-width: 2048px) 100vw, 2048px\" \/><br \/>\nEse siniestro, que lleg\u00f3 a tener un frente de 40 kil\u00f3metros, se habr\u00eda iniciado por un chispazo de una conexi\u00f3n de la Empresa Provincial de Energ\u00eda El\u00e9ctrica de C\u00f3rdoba (EPEC) en Villa Giardino.<\/p>\n<p><strong>En Alpa Corral<\/strong>, sector serrano del sur provincial cercano a R\u00edo Cuarto, el fuego est\u00e1 siendo combatido por m\u00e1s de 80 bomberos voluntarios de la zona, y aunque estar\u00eda controlado existe riesgo de que se expanda debido a los fuertes vientos.<\/p>\n<div class=\"ubm_banner\"><a href=\"https:\/\/youtu.be\/Aprl8f4mZCk\" target=\"_blank\" rel=\"dofollow noopener noreferrer\"><img src=\"http:\/\/hoycordobaweb.com\/wp-content\/uploads\/2020\/09\/combaten-tres-focos-de-incendio-en-una-jornada-con-fuertes-vientos-y-sin-lluvias.gif\" alt=\"\"><\/a><\/div>\n<p>&nbsp;<\/p>\n<p>&nbsp;<\/p>\n<p>La entrada <a rel=\"nofollow\" href=\"https:\/\/ladecimaweb.com\/combaten-tres-focos-de-incendio-en-una-jornada-con-fuertes-vientos-y-sin-lluvias\/\">Combaten tres focos de incendio en una jornada con fuertes vientos y sin lluvias<\/a> se public\u00f3 primero en <a rel=\"nofollow\" href=\"https:\/\/ladecimaweb.com\">LaDecima<\/a>.<\/p>\n","protected":false},"excerpt":{"rendered":"<p>El fuego se mantiene activo en Alta Gracia, el norte de Punilla y Alpa Corral y m\u00e1s de 300 bomberos voluntarios combat\u00edan esta ma\u00f1ana los tres incendios forestales en las sierras. El vicegobernador Manuel Calvo calific\u00f3 de &#8220;extremo&#8221; el panorama por los vientos intensos.\u00a0 (Con informaci\u00f3n de T\u00e9lam y de Gobierno) M\u00e1s de 300 bomberos [&hellip;]<\/p>\n","protected":false},"author":1,"featured_media":2465,"comment_status":"closed","ping_status":"closed","sticky":false,"template":"","format":"standard","meta":[],"categories":[19],"tags":[],"_links":{"self":[{"href":"http:\/\/hoycordobaweb.com\/index.php\/wp-json\/wp\/v2\/posts\/2464"}],"collection":[{"href":"http:\/\/hoycordobaweb.com\/index.php\/wp-json\/wp\/v2\/posts"}],"about":[{"href":"http:\/\/hoycordobaweb.com\/index.php\/wp-json\/wp\/v2\/types\/post"}],"author":[{"embeddable":true,"href":"http:\/\/hoycordobaweb.com\/index.php\/wp-json\/wp\/v2\/users\/1"}],"replies":[{"embeddable":true,"href":"http:\/\/hoycordobaweb.com\/index.php\/wp-json\/wp\/v2\/comments?post=2464"}],"version-history":[{"count":0,"href":"http:\/\/hoycordobaweb.com\/index.php\/wp-json\/wp\/v2\/posts\/2464\/revisions"}],"wp:featuredmedia":[{"embeddable":true,"href":"http:\/\/hoycordobaweb.com\/index.php\/wp-json\/wp\/v2\/media\/2465"}],"wp:attachment":[{"href":"http:\/\/hoycordobaweb.com\/index.php\/wp-json\/wp\/v2\/media?parent=2464"}],"wp:term":[{"taxonomy":"category","embeddable":true,"href":"http:\/\/hoycordobaweb.com\/index.php\/wp-json\/wp\/v2\/categories?post=2464"},{"taxonomy":"post_tag","embeddable":true,"href":"http:\/\/hoycordobaweb.com\/index.php\/wp-json\/wp\/v2\/tags?post=2464"}],"curies":[{"name":"wp","href":"https:\/\/api.w.org\/{rel}","templated":true}]}}