{"id":24609,"date":"2021-07-09T21:44:00","date_gmt":"2021-07-09T21:44:00","guid":{"rendered":"http:\/\/hoycordobaweb.com\/index.php\/2021\/07\/09\/chiqui-tapia-vamos-por-el-sueno-en-el-maracana\/"},"modified":"2021-07-09T21:44:00","modified_gmt":"2021-07-09T21:44:00","slug":"chiqui-tapia-vamos-por-el-sueno-en-el-maracana","status":"publish","type":"post","link":"http:\/\/hoycordobaweb.com\/index.php\/2021\/07\/09\/chiqui-tapia-vamos-por-el-sueno-en-el-maracana\/","title":{"rendered":"\u00abChiqui\u00bb Tapia: \u00abVamos por el sue\u00f1o en el Maracan\u00e1\u00bb"},"content":{"rendered":"<p><img src=\"http:\/\/hoycordobaweb.com\/wp-content\/uploads\/2021\/07\/chiqui-tapia-vamos-por-el-sueno-en-el-maracana.jpg\"><\/p>\n<div class=\"image\" id=\"image\" readability=\"8\"> <img src=\"http:\/\/hoycordobaweb.com\/wp-content\/uploads\/2021\/07\/chiqui-tapia-vamos-por-el-sueno-en-el-maracana-2.jpg\" alt=\"Tapia, en la previa del duelo de Argentina y Brasil (foto archivo)\" title=\"Tapia, en la previa del duelo de Argentina y Brasil (foto archivo)\"><\/p>\n<p>Tapia, en la previa del duelo de Argentina y Brasil (foto archivo)<\/p>\n<\/div>\n<p>Claudio \u00abChiqui\u00bb Tapia, asegur\u00f3&nbsp; este viernes que el seleccionado ir\u00e1 \u00abpor el sue\u00f1o en el Maracan\u00e1\u00bb ma\u00f1ana frente a Brasil, en la final de la Copa Am\u00e9rica tras 28 a\u00f1os sin t\u00edtulos en mayores.<\/p>\n<p>\u00ab<strong>Hace 45 d\u00edas este grupo se aisl\u00f3 de sus seres queridos, con ilusi\u00f3n de llegar a la final de la Copa Am\u00e9rica y poder darle una alegr\u00eda al pueblo argentino<\/strong>\u00ab, comunic\u00f3 el directivo en su Twitter junto con una foto en la que se ve a todo el grupo de trabajo entre futbolistas, cuerpo t\u00e9cnico y dirigentes.<\/p>\n<p>\u00ab<strong>A la distancia, se siente el aliento de todo un pa\u00eds. M\u00e1s unidos que nunca, vamos por el gran sue\u00f1o en el Maracan\u00e1<\/strong>\u00ab, continu\u00f3 el breve mensaje de Tapia.<\/p>\n<p>Argentina saldr\u00e1 al estadio de R\u00edo de Janeiro a las 21 contra el local, Brasil, en b\u00fasqueda de su 15ta Copa Am\u00e9rica.<\/p>\n<div class=\"js-code\" readability=\"7.5084269662921\">\n<blockquote class=\"twitter-tweet\" readability=\"9.1769662921348\">\n<p lang=\"es\" dir=\"ltr\">Hace 45 d\u00edas este grupo se aisl\u00f3 de sus seres queridos, con ilusi\u00f3n de llegar a la final de la <a href=\"https:\/\/twitter.com\/CopaAmerica?ref_src=twsrc%5Etfw\">@CopaAmerica<\/a> y poder darle una alegr\u00eda al pueblo argentino. <br \/>A la distancia, se siente el aliento de todo un pa\u00eds.<br \/>M\u00e1s unidos que nunca, vamos por el gran sue\u00f1o en el <a href=\"https:\/\/twitter.com\/maracana?ref_src=twsrc%5Etfw\">@maracana<\/a> \ud83c\udde6\ud83c\uddf7 <a href=\"https:\/\/t.co\/h86ehWTKIT\">pic.twitter.com\/h86ehWTKIT<\/a><\/p>\n<p>\u2014 Chiqui Tapia (@tapiachiqui) <a href=\"https:\/\/twitter.com\/tapiachiqui\/status\/1413606416951164929?ref_src=twsrc%5Etfw\">July 9, 2021<\/a><\/p><\/blockquote><\/div>\n","protected":false},"excerpt":{"rendered":"<p>Tapia, en la previa del duelo de Argentina y Brasil (foto archivo) Claudio \u00abChiqui\u00bb Tapia, asegur\u00f3&nbsp; este viernes que el seleccionado ir\u00e1 \u00abpor el sue\u00f1o en el Maracan\u00e1\u00bb ma\u00f1ana frente a Brasil, en la final de la Copa Am\u00e9rica tras 28 a\u00f1os sin t\u00edtulos en mayores. \u00abHace 45 d\u00edas este grupo se aisl\u00f3 de sus [&hellip;]<\/p>\n","protected":false},"author":1,"featured_media":24610,"comment_status":"open","ping_status":"closed","sticky":false,"template":"","format":"standard","meta":[],"categories":[16],"tags":[],"_links":{"self":[{"href":"http:\/\/hoycordobaweb.com\/index.php\/wp-json\/wp\/v2\/posts\/24609"}],"collection":[{"href":"http:\/\/hoycordobaweb.com\/index.php\/wp-json\/wp\/v2\/posts"}],"about":[{"href":"http:\/\/hoycordobaweb.com\/index.php\/wp-json\/wp\/v2\/types\/post"}],"author":[{"embeddable":true,"href":"http:\/\/hoycordobaweb.com\/index.php\/wp-json\/wp\/v2\/users\/1"}],"replies":[{"embeddable":true,"href":"http:\/\/hoycordobaweb.com\/index.php\/wp-json\/wp\/v2\/comments?post=24609"}],"version-history":[{"count":0,"href":"http:\/\/hoycordobaweb.com\/index.php\/wp-json\/wp\/v2\/posts\/24609\/revisions"}],"wp:featuredmedia":[{"embeddable":true,"href":"http:\/\/hoycordobaweb.com\/index.php\/wp-json\/wp\/v2\/media\/24610"}],"wp:attachment":[{"href":"http:\/\/hoycordobaweb.com\/index.php\/wp-json\/wp\/v2\/media?parent=24609"}],"wp:term":[{"taxonomy":"category","embeddable":true,"href":"http:\/\/hoycordobaweb.com\/index.php\/wp-json\/wp\/v2\/categories?post=24609"},{"taxonomy":"post_tag","embeddable":true,"href":"http:\/\/hoycordobaweb.com\/index.php\/wp-json\/wp\/v2\/tags?post=24609"}],"curies":[{"name":"wp","href":"https:\/\/api.w.org\/{rel}","templated":true}]}}