{"id":24598,"date":"2021-07-09T01:15:00","date_gmt":"2021-07-09T01:15:00","guid":{"rendered":"http:\/\/hoycordobaweb.com\/index.php\/2021\/07\/09\/la-constituyente-pidio-indulto-a-presos-por-el-estallido-y-los-mapuches-condenados\/"},"modified":"2021-07-09T01:15:00","modified_gmt":"2021-07-09T01:15:00","slug":"la-constituyente-pidio-indulto-a-presos-por-el-estallido-y-los-mapuches-condenados","status":"publish","type":"post","link":"http:\/\/hoycordobaweb.com\/index.php\/2021\/07\/09\/la-constituyente-pidio-indulto-a-presos-por-el-estallido-y-los-mapuches-condenados\/","title":{"rendered":"La Constituyente pidi\u00f3 indulto a presos por el estallido y los mapuches condenados"},"content":{"rendered":"<p><img src=\"http:\/\/hoycordobaweb.com\/wp-content\/uploads\/2021\/07\/la-constituyente-pidio-indulto-a-presos-por-el-estallido-y-los-mapuches-condenados.jpg\"><\/p>\n<div class=\"image\" id=\"image\" readability=\"7\"> <img src=\"http:\/\/hoycordobaweb.com\/wp-content\/uploads\/2021\/07\/la-constituyente-pidio-indulto-a-presos-por-el-estallido-y-los-mapuches-condenados-2.jpg\" alt=\"Pidieron el indulto a presos por el estallido y los mapuches condenados\" title=\"Pidieron el indulto a presos por el estallido y los mapuches condenados\"><\/p>\n<p>Pidieron el indulto a presos por el estallido y los mapuches condenados<\/p>\n<\/div>\n<p>La Convenci\u00f3n Constituyente de Chile pidi\u00f3 este jueves al gobierno que indulte a los presos por el estallido social de 2019 y a mapuches condenados, a la vez que reclam\u00f3 que se desmilitarice el territorio habitado por esa comunidad.<\/p>\n<p><strong>Lo hizo a trav\u00e9s de una resoluci\u00f3n aprobada con 105 votos a favor, 34 en contra y 10 abstenciones,<\/strong> en la segunda jornada de deliberaciones.<\/p>\n<p>El documento pide que se tramite \u201c<strong>con la m\u00e1xima celeridad\u201d el proyecto de ley de indulto general \u201cen la Comisi\u00f3n de Constituci\u00f3n del Senado\u201d, destinado a beneficiar a quienes est\u00e1n en la c\u00e1rcel por motivos relacionados con el estallido de 2019.<\/strong><\/p>\n<p>Adem\u00e1s, reclama que <strong>\u201cel indulto, en el caso de las regiones (sure\u00f1as) Biob\u00edo, Araucan\u00eda, Los Lagos y Los R\u00edos sea aplicable desde el a\u00f1o 2001 para los presos pol\u00edticos mapuches\u201d.<\/strong><\/p>\n<p>Asimismo, solicita \u201c<strong>la inmediata desmilitarizaci\u00f3n del Wallmapu (el territorio ocupado por los mapuches), as\u00ed como la anulaci\u00f3n de la medida que aumenta el presupuesto para la represi\u00f3n<\/strong>\u201d en esa zona.<\/p>\n<p>\u201cLa revuelta social cost\u00f3 decenas de vidas y violaciones de derechos humanos cometidas por agentes del Estado que no podemos invisibilizar\u201d, argumenta el texto.<\/p>\n<p>Sostiene que \u201cmiles de personas fueron detenidas y sometidas a condiciones ilegales, acusadas de manera injusta, arbitraria e inhumana, mientras otro gran n\u00famero nunca tuvo un debido proceso ni la aplicaci\u00f3n de la presunci\u00f3n de inocencia\u201d.<\/p>\n<div class=\"image\" id=\"image\" readability=\"7\"> <img src=\"http:\/\/hoycordobaweb.com\/wp-content\/uploads\/2021\/07\/la-constituyente-pidio-indulto-a-presos-por-el-estallido-y-los-mapuches-condenados-3.jpg\" alt=\"Este jueves un grupo de estudiantes tom\u00f3 la sede del Instituto Nacional de Derechos Humanos (INDH)\" title=\"Este jueves un grupo de estudiantes tom\u00f3 la sede del Instituto Nacional de Derechos Humanos (INDH)\"><\/p>\n<p>Este jueves un grupo de estudiantes tom\u00f3 la sede del Instituto Nacional de Derechos Humanos (INDH)<\/p>\n<\/div>\n<p><br open><br \/>\n\u201cHoy resulta fundamental, para un proceso democr\u00e1tico y una verdadera paz social para los pueblos, que los \u00f3rganos del poder constituido allanen los caminos ofreciendo garant\u00edas democr\u00e1ticas y de equidad para que el proceso hist\u00f3rico que atravesamos funcione adecuadamente y sea reconocido como leg\u00edtimo por los pueblos y naciones de Chile\u201d, agrega.<\/p>\n<p>Durante el debate,<strong> la constituyente oficialista Margarita Letelier afirm\u00f3 que el cuerpo no puede \u00abestar opinando de este tipo de situaciones en momentos en que todos esperan que se redacte una constituci\u00f3n\u00bb.<\/strong><\/p>\n<p>Por su parte, Ignacio Achurra, de Apruebo Dignidad, opin\u00f3 que \u00aben Chile hay presos pol\u00edticos\u00bb y pidi\u00f3 que el Congreso apruebe una \u00abley de amnist\u00eda e indulto\u00bb.<\/p>\n<p><strong>El tema de los presos durante el estallido social de 2019 volvi\u00f3 a generar tensi\u00f3n, luego que este jueves m\u00e1s temprano un grupo de estudiantes secundarios tomara la sede del Instituto Nacional de Derechos Humanos (INDH) <\/strong>y denunciara que en Chile \u00abse violan sistem\u00e1ticamente los derechos humanos con total impunidad\u00bb.<\/p>\n<p>En esa protesta, la Asamblea Coordinadora de Estudiantes Secundarios (Aces) afirm\u00f3 en un comunicado que la violaci\u00f3n de derechos fundamentales \u00abes una realidad que el Gobierno y las instituciones ocultan, pero que ellos mismos ocasionaron y perpetuaron creando leyes que ten\u00edan por objetivo criminalizar la protesta social\u00bb.<\/p>\n<p>La Convenci\u00f3n Constituyente de Chile est\u00e1 sesionando desde ayer, luego de diferentes pol\u00e9micas, en el Palacio Pereira, antigua sede del Congreso, ubicada en el centro de Santiago. <\/p>\n","protected":false},"excerpt":{"rendered":"<p>Pidieron el indulto a presos por el estallido y los mapuches condenados La Convenci\u00f3n Constituyente de Chile pidi\u00f3 este jueves al gobierno que indulte a los presos por el estallido social de 2019 y a mapuches condenados, a la vez que reclam\u00f3 que se desmilitarice el territorio habitado por esa comunidad. Lo hizo a trav\u00e9s [&hellip;]<\/p>\n","protected":false},"author":1,"featured_media":24599,"comment_status":"open","ping_status":"closed","sticky":false,"template":"","format":"standard","meta":[],"categories":[19],"tags":[],"_links":{"self":[{"href":"http:\/\/hoycordobaweb.com\/index.php\/wp-json\/wp\/v2\/posts\/24598"}],"collection":[{"href":"http:\/\/hoycordobaweb.com\/index.php\/wp-json\/wp\/v2\/posts"}],"about":[{"href":"http:\/\/hoycordobaweb.com\/index.php\/wp-json\/wp\/v2\/types\/post"}],"author":[{"embeddable":true,"href":"http:\/\/hoycordobaweb.com\/index.php\/wp-json\/wp\/v2\/users\/1"}],"replies":[{"embeddable":true,"href":"http:\/\/hoycordobaweb.com\/index.php\/wp-json\/wp\/v2\/comments?post=24598"}],"version-history":[{"count":0,"href":"http:\/\/hoycordobaweb.com\/index.php\/wp-json\/wp\/v2\/posts\/24598\/revisions"}],"wp:featuredmedia":[{"embeddable":true,"href":"http:\/\/hoycordobaweb.com\/index.php\/wp-json\/wp\/v2\/media\/24599"}],"wp:attachment":[{"href":"http:\/\/hoycordobaweb.com\/index.php\/wp-json\/wp\/v2\/media?parent=24598"}],"wp:term":[{"taxonomy":"category","embeddable":true,"href":"http:\/\/hoycordobaweb.com\/index.php\/wp-json\/wp\/v2\/categories?post=24598"},{"taxonomy":"post_tag","embeddable":true,"href":"http:\/\/hoycordobaweb.com\/index.php\/wp-json\/wp\/v2\/tags?post=24598"}],"curies":[{"name":"wp","href":"https:\/\/api.w.org\/{rel}","templated":true}]}}