{"id":24557,"date":"2021-07-08T13:51:50","date_gmt":"2021-07-08T13:51:50","guid":{"rendered":"http:\/\/ladecimaweb.com\/?p=10131"},"modified":"2021-07-08T13:51:50","modified_gmt":"2021-07-08T13:51:50","slug":"los-nuevos-brotes-de-covid-son-un-riesgo-importante-para-la-recuperacion-economica-mundial","status":"publish","type":"post","link":"http:\/\/hoycordobaweb.com\/index.php\/2021\/07\/08\/los-nuevos-brotes-de-covid-son-un-riesgo-importante-para-la-recuperacion-economica-mundial\/","title":{"rendered":"Los nuevos brotes de Covid son un riesgo importante para la recuperaci\u00f3n econ\u00f3mica mundial"},"content":{"rendered":"<div class=\"group\">\n<p><a href=\"https:\/\/www.cnbc.com\/2021\/07\/08\/new-covid-outbreaks-a-top-risk-to-economic-recovery-oecd-chief-says.html\"><em>(Publicado por CNBC)<\/em> <\/a><strong>Los nuevos brotes de Covid-19 siguen siendo uno de los principales riesgos para la recuperaci\u00f3n econ\u00f3mica mundial<\/strong>, advirti\u00f3 el secretario general de la OCDE, pidiendo a las naciones desarrolladas que apoyen a las naciones menos desarrolladas con sus programas de vacunaci\u00f3n.<\/p>\n<p><strong>\u201cDebemos hacer lo que podamos para vacunar a la mayor cantidad posible de personas en todo el mundo.<\/strong>\u00a0Existe una responsabilidad particular para las econom\u00edas desarrolladas y no es solo una cuesti\u00f3n de caridad o benevolencia, en realidad es una cuesti\u00f3n de inter\u00e9s propio tanto en t\u00e9rminos de asegurarnos de mantener a nuestras poblaciones seguras &#8230; como tambi\u00e9n para garantizar que la recuperaci\u00f3n econ\u00f3mica pueda ser sostenida. \u201d, Dijo el jueves Mathias Cormann, secretario general de la OCDE.<\/p>\n<div class=\"BoxInline-container \">\n<div id=\"BoxInline-ArticleBody-5\" class=\"BoxInline-container\" data-module=\"mps-slot\">\u201cLos nuevos brotes siguen siendo uno de los mayores riesgos a la baja en t\u00e9rminos de la recuperaci\u00f3n econ\u00f3mica sostenida en el futuro\u201d, dijo a Annette Weisbach de CNBC.<\/div>\n<\/div>\n<p><strong>\u201cHay una carrera entre vacunar a la mayor cantidad de personas en todo el mundo, en particular en las econom\u00edas en desarrollo, y el riesgo de que aparezcan nuevas variantes y variantes que pueden ser resistentes a las vacunas disponibles actualmente\u201d, se\u00f1al\u00f3.<\/strong><\/p>\n<\/div>\n<div id=\"Placeholder-ArticleBody-Video-106908038\" class=\"PlaceHolder-wrapper\" tabindex=\"0\" role=\"button\" data-vilynx-id=\"7000199157\" data-test=\"VideoPlaceHolder\">\n<div id=\"InlineVideo-0\" class=\"InlineVideo-videoEmbed\" data-test=\"InlineVideo\">\n<div class=\"InlineVideo-wrapper\">\n<div class=\"InlineVideo-videoFooter\"><\/div>\n<\/div>\n<\/div>\n<div class=\"PlaceHolder-endCard PlaceHolder-inactive\">Cormann no est\u00e1 solo en preocuparse de que la propagaci\u00f3n en curso de Covid-19, en particular la \u00faltima variante delta altamente transmisible entre las personas m\u00e1s j\u00f3venes y no vacunadas, pueda descarrilar una recuperaci\u00f3n econ\u00f3mica.<\/div>\n<\/div>\n<div class=\"group\">\n<p>Bruno Le Maire, ministro de Finanzas de Francia, dijo a CNBC el martes que\u00a0<a href=\"https:\/\/www.cnbc.com\/2021\/07\/07\/compulsory-vaccination-france-wants-healthcare-staff-to-get-covid-19-vaccine.html\">\u201clo \u00fanico que podr\u00eda poner en peligro la recuperaci\u00f3n econ\u00f3mica en Francia es una nueva ola de pandemia\u201d.<\/a><\/p>\n<div class=\"MidResponsive-midResponsiveContainer\">\n<div id=\"MidResponsive-1\" class=\"\" data-module=\"mps-slot\">\n<div id=\"div-gpt-midresponsive-2025690035\" class=\"mps-slot\" data-mps-slot=\"midresponsive\" data-mps-loadset=\"0\">E<strong>l mi\u00e9rcoles, la Organizaci\u00f3n Mundial de la Salud reiter\u00f3 su llamado a las naciones m\u00e1s ricas para que ayuden a los pa\u00edses m\u00e1s pobres al compartir las vacunas Covi<\/strong>d, particularmente para los trabajadores de la salud y el cuidado, y los ancianos.<\/div>\n<\/div>\n<\/div>\n<\/div>\n<p class=\"ArticleBody-subtitle\"><strong>Tasa de impuesto m\u00ednima global<\/strong><\/p>\n<div class=\"group\">\n<p>La pandemia de coronavirus podr\u00eda ser el problema m\u00e1s urgente en t\u00e9rminos de salud p\u00fablica mundial, pero los gobiernos han estado recurriendo a otros asuntos urgentes mientras tanto, incluida la reforma fiscal internacional.<\/p>\n<\/div>\n<div id=\"Placeholder-ArticleBody-Video-106908037\" class=\"PlaceHolder-wrapper\" tabindex=\"0\" role=\"button\" data-vilynx-id=\"7000199156\" data-test=\"VideoPlaceHolder\">\n<div id=\"InlineVideo-0\" class=\"InlineVideo-videoEmbed\" data-test=\"InlineVideo\">\n<div class=\"InlineVideo-wrapper\">\n<div class=\"InlineVideo-inlineBackgroundImageContainer\">\n<div class=\"undefined PlayButton-container \" data-test=\"PlayButton\"><\/div>\n<\/div>\n<div class=\"InlineVideo-videoFooter\">\n<div class=\"InlineVideo-title\">En junio, los ministros de finanzas de las econom\u00edas m\u00e1s avanzadas, conocido como el Grupo de los Siete, respaldaron una <strong>propuesta estadounidense que ped\u00eda a las corporaciones de todo el mundo que pagaran al menos un impuesto del 15% sobre las ganancias<\/strong> y el acuerdo ahora cuenta con el apoyo de muchos m\u00e1s pa\u00edses.<\/div>\n<\/div>\n<\/div>\n<\/div>\n<\/div>\n<div class=\"group\">\n<p><strong>El jueves pasado, la secretaria del Tesoro de Estados Unidos, Janet Yellen, anunci\u00f3 que al menos 130 naciones hab\u00edan acordado un impuesto m\u00ednimo global sobre las corporaciones<\/strong>, parte de un acuerdo m\u00e1s amplio para revisar las reglas fiscales internacionales.<\/p>\n<p>Cormann dijo que el acuerdo era muy necesario y se\u00f1al\u00f3 que \u201c131 pa\u00edses han llegado a un acuerdo sobre un camino a seguir internacionalmente consistente en lo que respecta a impuestos justos.\u00a0La globalizaci\u00f3n y la digitalizaci\u00f3n de nuestras econom\u00edas crearon distorsiones en la eficiencia y serias desigualdades en nuestro sistema tributario y las empresas no estaban pagando su parte justa de impuestos en todos los lugares donde deber\u00edan \u201d.<\/p>\n<p>\u201cAhora tenemos un acuerdo en el que los ganadores de la globalizaci\u00f3n, incluidas y en particular las principales empresas digitales multinacionales, pagan su parte justa de impuestos, o pagar\u00edan su parte justa de impuestos una vez que (el acuerdo) se implemente en los mercados en los que generan sus ganancias \u201d.<\/p>\n<p>Se\u00f1al\u00f3 que los 131 pa\u00edses han acordado que la tasa impositiva corporativa global m\u00ednima debe ser del 15%, as\u00ed como los del Grupo de los 20 pa\u00edses industrializados.\u00a0\u201cAs\u00ed que eso ya establece un piso en el nivel de competencia fiscal a nivel mundial\u201d.<\/p>\n<p>Algunas jurisdicciones con impuestos corporativos bajos, como Irlanda y Hungr\u00eda, tienen dudas sobre el acuerdo, pero Cormann dijo que estaban involucradas en el proceso de negociaci\u00f3n: \u201cAlgunos pa\u00edses obviamente llegan a esto desde una posici\u00f3n inicial diferente\u201d, se\u00f1al\u00f3, \u201cpero 131 de 139 los condados (\u00a0<a href=\"https:\/\/www.oecd.org\/tax\/beps\/about\/\" target=\"_blank\" rel=\"noopener noreferrer\">miembros del Marco Inclusivo del G20 \/ OCDE<\/a>\u00a0que est\u00e1n colaborando para reformar las normas fiscales) est\u00e1n a bordo y eso es un hito importante \u201d.<\/p>\n<div class=\"ubm_banner\"><a href=\"https:\/\/youtu.be\/PPZcx3DZupk\" target=\"_blank\" rel=\"dofollow noopener noreferrer\"><img src=\"http:\/\/hoycordobaweb.com\/wp-content\/uploads\/2021\/07\/los-nuevos-brotes-de-covid-son-un-riesgo-importante-para-la-recuperacion-economica-mundial.gif\" alt=\"\"><\/a><\/div>\n<\/div>\n<p>La entrada <a rel=\"nofollow\" href=\"https:\/\/ladecimaweb.com\/los-nuevos-brotes-de-covid-representan-un-riesgo-importante-para-la-recuperacion-economica-mundial\/\">Los nuevos brotes de Covid son un riesgo importante para la recuperaci\u00f3n econ\u00f3mica mundial<\/a> se public\u00f3 primero en <a rel=\"nofollow\" href=\"https:\/\/ladecimaweb.com\">LaDecima<\/a>.<\/p>\n","protected":false},"excerpt":{"rendered":"<p>(Publicado por CNBC) Los nuevos brotes de Covid-19 siguen siendo uno de los principales riesgos para la recuperaci\u00f3n econ\u00f3mica mundial, advirti\u00f3 el secretario general de la OCDE, pidiendo a las naciones desarrolladas que apoyen a las naciones menos desarrolladas con sus programas de vacunaci\u00f3n. \u201cDebemos hacer lo que podamos para vacunar a la mayor cantidad [&hellip;]<\/p>\n","protected":false},"author":1,"featured_media":24558,"comment_status":"closed","ping_status":"closed","sticky":false,"template":"","format":"standard","meta":[],"categories":[19],"tags":[],"_links":{"self":[{"href":"http:\/\/hoycordobaweb.com\/index.php\/wp-json\/wp\/v2\/posts\/24557"}],"collection":[{"href":"http:\/\/hoycordobaweb.com\/index.php\/wp-json\/wp\/v2\/posts"}],"about":[{"href":"http:\/\/hoycordobaweb.com\/index.php\/wp-json\/wp\/v2\/types\/post"}],"author":[{"embeddable":true,"href":"http:\/\/hoycordobaweb.com\/index.php\/wp-json\/wp\/v2\/users\/1"}],"replies":[{"embeddable":true,"href":"http:\/\/hoycordobaweb.com\/index.php\/wp-json\/wp\/v2\/comments?post=24557"}],"version-history":[{"count":0,"href":"http:\/\/hoycordobaweb.com\/index.php\/wp-json\/wp\/v2\/posts\/24557\/revisions"}],"wp:featuredmedia":[{"embeddable":true,"href":"http:\/\/hoycordobaweb.com\/index.php\/wp-json\/wp\/v2\/media\/24558"}],"wp:attachment":[{"href":"http:\/\/hoycordobaweb.com\/index.php\/wp-json\/wp\/v2\/media?parent=24557"}],"wp:term":[{"taxonomy":"category","embeddable":true,"href":"http:\/\/hoycordobaweb.com\/index.php\/wp-json\/wp\/v2\/categories?post=24557"},{"taxonomy":"post_tag","embeddable":true,"href":"http:\/\/hoycordobaweb.com\/index.php\/wp-json\/wp\/v2\/tags?post=24557"}],"curies":[{"name":"wp","href":"https:\/\/api.w.org\/{rel}","templated":true}]}}