{"id":24523,"date":"2021-07-08T01:15:00","date_gmt":"2021-07-08T01:15:00","guid":{"rendered":"http:\/\/hoycordobaweb.com\/index.php\/2021\/07\/08\/cuatro-sospechosos-abatidos-y-dos-detenidos-por-el-asesinato-de-moise\/"},"modified":"2021-07-08T01:15:00","modified_gmt":"2021-07-08T01:15:00","slug":"cuatro-sospechosos-abatidos-y-dos-detenidos-por-el-asesinato-de-moise","status":"publish","type":"post","link":"http:\/\/hoycordobaweb.com\/index.php\/2021\/07\/08\/cuatro-sospechosos-abatidos-y-dos-detenidos-por-el-asesinato-de-moise\/","title":{"rendered":"Cuatro sospechosos abatidos y dos detenidos por el asesinato de Moise"},"content":{"rendered":"<p><img src=\"http:\/\/hoycordobaweb.com\/wp-content\/uploads\/2021\/07\/cuatro-sospechosos-abatidos-y-dos-detenidos-por-el-asesinato-de-moise.jpg\"><\/p>\n<div class=\"image\" id=\"image\" readability=\"7\"> <img src=\"http:\/\/hoycordobaweb.com\/wp-content\/uploads\/2021\/07\/cuatro-sospechosos-abatidos-y-dos-detenidos-por-el-asesinato-de-moise-2.jpg\" alt=\"Moise llebava 4 a\u00f1os y medio como presidente haitiano\" title=\"Moise llebava 4 a\u00f1os y medio como presidente haitiano\"><\/p>\n<p>Moise llebava 4 a\u00f1os y medio como presidente haitiano<\/p>\n<\/div>\n<p>El presidente de Hait\u00ed, Jovenel<strong><a href=\"https:\/\/www.telam.com.ar\/notas\/202107\/560423-presidente-haiti-ataque-magnicidio-jovenel-moise.html\" target=\"_blank\" rel=\"noopener noreferrer\"> Mo\u00efse, fue ultimado en su residencia de Puerto Pr\u00edncipe<\/a> por un comando integrado aparentemente por extranjeros<\/strong>, en un hecho en el que adem\u00e1s fue baleada su esposa, y menos de 24 horas despu\u00e9s del hecho el gobierno anunci\u00f3 que hab\u00eda detenido a \u201clos presuntos asesinos\u201d.<br \/>\n<br open><br \/>\nLas autoridades haitianas confirmaron tambi\u00e9n el calendario electoral que prev\u00e9 en septiembre la votaci\u00f3n para la elecci\u00f3n de un nuevo mandatario.<\/p>\n<p>El primer ministro, Claude Joseph, inform\u00f3 oficialmente del crimen, detall\u00f3 que<a href=\"https:\/\/www.telam.com.ar\/notas\/202107\/560482-primera-dama-haiti-estado-critico--ser-trasladada-miami.html\" target=\"_blank\" rel=\"noopener noreferrer\"> la esposa de Mo\u00efse result\u00f3 herida en el ataque, fue hospitalizada y luego trasladada a Miami,<\/a> a la vez que pidi\u00f3 calma a la poblaci\u00f3n.<\/p>\n<p>\u00ab<strong>El presidente fue asesinado en su casa por extranjeros que hablaban ingl\u00e9s y espa\u00f1ol\u00bb, dijo el primer ministr<\/strong>o, citado por las agencias de noticias AFP y Sputnik, sin dar m\u00e1s detalles.<\/p>\n<blockquote readability=\"9\">\n<p>\u00abLos presuntos asesinos fueron interceptados por la Polic\u00eda Nacional en Pelerin poco despu\u00e9s de las 6 pm\u00bb<span class=\"comilla\">\u201d<\/span><\/p>\n<p><span>Frantz Exantus, viceministro de Comunicaciones<\/span><\/p>\n<\/blockquote>\n<p>Joseph dispuso de inmediato el estado de sitio, cerr\u00f3 el aeropuerto de la capital y blind\u00f3 la frontera con Rep\u00fablica Dominicana, pa\u00eds con el que comparte la isla La Espa\u00f1ola.<\/p>\n<p>\u00abEn estricta aplicaci\u00f3n del art\u00edculo 149 de la Constituci\u00f3n, acabo de presidir un Consejo Extraordinario de ministros <strong><a href=\"https:\/\/www.telam.com.ar\/notas\/202107\/560463-primer-ministro-haitiano-estado-de-sitio-asesinato-presidente-moise.html\" target=\"_blank\" rel=\"noopener noreferrer\">y hemos decidido declarar el estado de sitio en todo el pa\u00eds\u00bb, anunci\u00f3 Joseph <\/a><\/strong>en un discurso difundido en las redes sociales.<\/p>\n<p>El funcionario prometi\u00f3, adem\u00e1s, que el crimen de Mo\u00efse \u201cno quedar\u00e1 impune\u201d y que los asesinos \u201cpagar\u00e1n en la Justicia lo que hicieron\u201d.<\/p>\n<p>Cuando no se hab\u00edan cumplido 24 horas del asalto a la residencia, el gobierno anunci\u00f3 la detenci\u00f3n de los presuntos criminales.<\/p>\n<p>\u00abLos presuntos asesinos fueron interceptados por la Polic\u00eda Nacional en Pelerin poco despu\u00e9s de las 6 pm\u00bb (las 19 en la Argentina), escribi\u00f3 en su cuenta de Twitter el viceministro de Comunicaciones, Frantz Exantus.<\/p>\n<div class=\"js-code\" readability=\"5.7745535714286\">\n<blockquote class=\"twitter-tweet\" readability=\"5.3303571428571\">\n<p lang=\"fr\" dir=\"ltr\">Des pr\u00e9sum\u00e9s assassins du Pdt <a href=\"https:\/\/twitter.com\/moisejovenel?ref_src=twsrc%5Etfw\">@moisejovenel<\/a> intercept\u00e9s par la Police nationale \u00e0 p\u00e9l\u00e9rin peu avant 6h ce soir. Plus de d\u00e9tails dans les prochaines minutes sur la TNH.<\/p>\n<p>\u2014 Frantz Exantus (@FrantzExantusHT) <a href=\"https:\/\/twitter.com\/FrantzExantusHT\/status\/1412917056505327617?ref_src=twsrc%5Etfw\">July 7, 2021<\/a><\/p><\/blockquote><\/div>\n<p>Un rato antes, el Ejecutivo hab\u00eda oficializado tambi\u00e9n en Twitter el estado de sitio de 15 d\u00edas y un duelo nacional por el mismo per\u00edodo, desde el 8 al 22 de este mes.<\/p>\n<p><strong>Un comando, <\/strong>del que no sab\u00eda el n\u00famero de integrantes ni el origen o su motivaci\u00f3n,<strong> entr\u00f3 de madrugada a la residencia de Mo\u00efse en el barrio Pelerin, de Puerto Pr\u00edncipe -el mismo de las detenciones-, y dispar\u00f3 contra el mandatario. Un hijo estaba en el lugar, pero result\u00f3 ileso.<\/strong><\/p>\n<p>El diario El Pa\u00eds de Espa\u00f1a se\u00f1al\u00f3 que varias embajadas de Hait\u00ed en el exterior dieron a conocer un comunicado en el que precisaron que los asaltantes eran individuos no identificados, \u201cde los cuales varios hablaban en espa\u00f1ol\u201d.<\/p>\n<p>En medio de la conmoci\u00f3n, <strong>el aeropuerto internacional de Puerto Pr\u00edncipe fue cerrado <\/strong>y varios vuelos programados con destino a la capital haitiana fueron cancelados o desviados a estaciones a\u00e9reas en terceros pa\u00edses, seg\u00fan List\u00edn Diario, de la vecina Rep\u00fablica Dominicana.<\/p>\n<p>Adem\u00e1s, dos aerol\u00edneas que tienen rutas diarias a la ciudad cancelaron sus vuelos.<\/p>\n<p><strong>Mo\u00efse ven\u00eda siendo muy cuestionado por la oposici\u00f3n, que consideraba ilegal su permanencia en el cargo, pero adem\u00e1s el pa\u00eds atraviesa una ola de extrema violencia<\/strong>, a partir de la coexistencia de bandas armadas que hicieron del secuestro y los enfrentamientos su modo de subsistencia.<\/p>\n<p>El origen de este conflicto pol\u00edtico est\u00e1 en las elecciones de 2015, cuando Michel Martelly termin\u00f3 su mandato. Mo\u00efse fue candidato por el oficialista Partido Tet Kale y gan\u00f3, pero hubo denuncias de fraude. No se hizo la segunda vuelta y los resultados nunca se oficializaron.<\/p>\n<p>El pa\u00eds estuvo virtualmente sin autoridades desde febrero de 2016 porque venci\u00f3 el per\u00edodo de Martelly y los comicios reci\u00e9n pudieron hacerse en noviembre de 2016.<\/p>\n<p>Esta vez, Mo\u00efse logr\u00f3 una victoria que evit\u00f3 el balotaje y asumi\u00f3 en febrero de 2017, pero la oposici\u00f3n considera que su mandato comenz\u00f3 cuando se fue Martelly.<\/p>\n<p>Por esta diferencia de interpretaci\u00f3n, el \u00faltimo a\u00f1o el asesinado mandatario lo gobern\u00f3 a trav\u00e9s de decretos.<\/p>\n<div class=\"image\" id=\"image\" readability=\"7\"> <img src=\"http:\/\/hoycordobaweb.com\/wp-content\/uploads\/2021\/07\/cuatro-sospechosos-abatidos-y-dos-detenidos-por-el-asesinato-de-moise-3.jpg\" alt=\"El presidente haitiano era cuestionado por la oposicii\u00f3n por haber exendido su mandato\" title=\"El presidente haitiano era cuestionado por la oposicii\u00f3n por haber exendido su mandato\"><\/p>\n<p>El presidente haitiano era cuestionado por la oposicii\u00f3n por haber exendido su mandato<\/p>\n<\/div>\n<p><br open><br \/>\n<strong>\u201cMi mandato empez\u00f3 el 7 de febrero del 2017 y termina el 7 de febrero del 2022. Entregar\u00e9 el poder a su propietario, que es el pueblo de Hait\u00ed. Los oligarcas corruptos acostumbrados a controlar a los presidentes, a los ministros, al Parlamento y al Poder Judicial piensan que pueden tomar la presidencia, pero solo hay un camino: elecciones. Y yo no participar\u00e9 en esas elecciones\u201d, hab\u00eda dicho Mo\u00efse<\/strong> en una entrevista en febrero \u00faltimo.<\/p>\n<p>La casi permanente situaci\u00f3n de <strong>crisis del Gobierno hizo que en cuatro a\u00f1os Mo\u00efse tuviera siete primeros ministros. De hecho, Joseph iba a ser relevado esta semana, despu\u00e9s de apenas tres meses en el cargo.<\/strong><\/p>\n<p>Mientras se habla de posibles mercenarios extranjeros, el vecino Gobierno dominicano orden\u00f3 el \u00abcierre inmediato\u00bb de su frontera con Hait\u00ed, de 380 kil\u00f3metros, entre otras medidas adoptadas por su Consejo de Seguridad.<\/p>\n<p>Mientras la agencia de noticias Sputnik se\u00f1al\u00f3 que <strong>Dominicana investigaba una posible fuga hacia su territorio de los asesinos, el diario El Nacional de Santo Domingo cit\u00f3 un informe de inteligencia de Hait\u00ed <\/strong>que sostiene que algunos de los integrantes del comando que asesinaron al mandatario son colombianos.<\/p>\n<p><strong>\u00abSe pusieron en alerta m\u00e1xima a los organismos de seguridad en los aeropuertos, puertos y puntos fronterizos para que impidan la salida del territorio nacional de cualquier ciudadano de origen colombiano\u00bb,<\/strong> se\u00f1al\u00f3 el diario.<\/p>\n<p>Otra publicaci\u00f3n, <strong>Diario Libre, mencion\u00f3 a un grupo de siete sudamericanos, cuatro colombianos y tres venezolanos, que cumplieron \u00f3rdenes de \u00abgente muy poderosa involucrada en el narcotr\u00e1fico y el secuestro\u00bb.<\/strong><\/p>\n<p><strong>Ninguna de esas informaciones pudo confirmarse tas el anuncio de las detenciones, porque el viceministro Exantus no brind\u00f3 detalles.<\/strong><\/p>\n<div class=\"js-code\" readability=\"8.3460451977401\">\n<blockquote class=\"twitter-tweet\" readability=\"10.542372881356\">\n<p lang=\"es\" dir=\"ltr\">La primera dama de Hait\u00ed, Martine Moise, lleg\u00f3 este mi\u00e9rcoles en un avi\u00f3n ambulancia al aeropuerto ejecutivo de Fort Lauderdale, al norte de Miami, para ser tratada de las graves heridas que sufri\u00f3 en el atentado en el que fue asesinado a tiros el presidente Jovenel Moise.<a href=\"https:\/\/twitter.com\/hashtag\/7Jul?src=hash&amp;ref_src=twsrc%5Etfw\">#7Jul<\/a> <a href=\"https:\/\/t.co\/rEmFrPYHCA\">pic.twitter.com\/rEmFrPYHCA<\/a><\/p>\n<p>\u2014 Globovisi\u00f3n (@globovision) <a href=\"https:\/\/twitter.com\/globovision\/status\/1412894234059886601?ref_src=twsrc%5Etfw\">July 7, 2021<\/a><\/p><\/blockquote><\/div>\n<p>A este escenario violencia imparable, tensi\u00f3n e incertidumbre, se suma un cuadro de pobreza cr\u00f3nica -es el pa\u00eds m\u00e1s pobre de Am\u00e9rica- y recurrentes desastres naturales.<\/p>\n<p>En este dif\u00edcil contexto, <strong>el pa\u00eds debe celebrar este a\u00f1o elecciones presidenciales, legislativas y locales, pero tambi\u00e9n tiene agendado un referendo constitucional en septiembre, despu\u00e9s de haber sido aplazado dos veces debido a la pandemia de coronavirus.<\/strong><\/p>\n<p>EEUU se pronunci\u00f3 por respetar ese llamado a elecciones para el 26 de septiembre, con probable segunda vuelta el 21 de noviembre.<\/p>\n<p><strong>\u00abEstados Unidos a\u00fan considera que las elecciones de este a\u00f1o deben mantenerse, porque eso facilitar\u00eda una transferencia pac\u00edfica del poder a un presidente reci\u00e9n electo\u201d, afirm\u00f3 el vocero del Departamento de Estado, Ned Price.<\/strong><\/p>\n<p>Hacia el final de la jornada, <strong>el primer ministro Joseph prometi\u00f3 \u201cdialogar con los l\u00edderes de la oposici\u00f3n <\/strong>y otros actores de la vida nacional a fin de apaciguar el clima sociopol\u00edtico y facilitar la realizaci\u00f3n de elecciones inclusivas y cre\u00edbles seg\u00fan el calendario establecido por el Consejo Electoral Provisional\u00bb, seg\u00fan su cuenta oficial de Twitter.<\/p>\n<p><strong><a href=\"https:\/\/www.telam.com.ar\/notas\/202107\/560451-magnicidio-haiti-jovenal-moise-presidente.html\" target=\"_blank\" rel=\"noopener noreferrer\">El magnicidio del haitiano constituye el octavo de un presidente latinoamericano<\/a> en ejercicio de su mandato<\/strong> desde el final de la Segunda Guerra Mundial hasta la actualidad. Por eso, la noticia dio paso de inmediato a una cadena de repudios, entre ellos el de Estados Unidos, que calific\u00f3 de \u00abhorrible\u00bb el crimen y dijo a trav\u00e9s de la secretaria de prensa, Jen Psaki, que Washington est\u00e1 dispuesto a ayudar en la investigaci\u00f3n.<\/p>\n<p>Adem\u00e1s, expresaron su rechazo al crimen el Reino Unido, Francia; los presidentes de la Argentina, Alberto Fern\u00e1ndez; Bolivia, Luis Arce; Colombia Iv\u00e1n Duque; Cuba, Miguel D\u00edaz-Canel; M\u00e9xico, Andr\u00e9s L\u00f3pez Obrador, y Per\u00fa, Francisco Sagasti, y las canciller\u00edas de Chile, Uruguay y Venezuela, junto a la ONU y la OEA. <\/p>\n","protected":false},"excerpt":{"rendered":"<p>Moise llebava 4 a\u00f1os y medio como presidente haitiano El presidente de Hait\u00ed, Jovenel Mo\u00efse, fue ultimado en su residencia de Puerto Pr\u00edncipe por un comando integrado aparentemente por extranjeros, en un hecho en el que adem\u00e1s fue baleada su esposa, y menos de 24 horas despu\u00e9s del hecho el gobierno anunci\u00f3 que hab\u00eda detenido [&hellip;]<\/p>\n","protected":false},"author":1,"featured_media":24524,"comment_status":"open","ping_status":"closed","sticky":false,"template":"","format":"standard","meta":[],"categories":[19],"tags":[],"_links":{"self":[{"href":"http:\/\/hoycordobaweb.com\/index.php\/wp-json\/wp\/v2\/posts\/24523"}],"collection":[{"href":"http:\/\/hoycordobaweb.com\/index.php\/wp-json\/wp\/v2\/posts"}],"about":[{"href":"http:\/\/hoycordobaweb.com\/index.php\/wp-json\/wp\/v2\/types\/post"}],"author":[{"embeddable":true,"href":"http:\/\/hoycordobaweb.com\/index.php\/wp-json\/wp\/v2\/users\/1"}],"replies":[{"embeddable":true,"href":"http:\/\/hoycordobaweb.com\/index.php\/wp-json\/wp\/v2\/comments?post=24523"}],"version-history":[{"count":0,"href":"http:\/\/hoycordobaweb.com\/index.php\/wp-json\/wp\/v2\/posts\/24523\/revisions"}],"wp:featuredmedia":[{"embeddable":true,"href":"http:\/\/hoycordobaweb.com\/index.php\/wp-json\/wp\/v2\/media\/24524"}],"wp:attachment":[{"href":"http:\/\/hoycordobaweb.com\/index.php\/wp-json\/wp\/v2\/media?parent=24523"}],"wp:term":[{"taxonomy":"category","embeddable":true,"href":"http:\/\/hoycordobaweb.com\/index.php\/wp-json\/wp\/v2\/categories?post=24523"},{"taxonomy":"post_tag","embeddable":true,"href":"http:\/\/hoycordobaweb.com\/index.php\/wp-json\/wp\/v2\/tags?post=24523"}],"curies":[{"name":"wp","href":"https:\/\/api.w.org\/{rel}","templated":true}]}}