{"id":24331,"date":"2021-07-05T23:11:51","date_gmt":"2021-07-05T23:11:51","guid":{"rendered":"http:\/\/ladecimaweb.com\/?p=10109"},"modified":"2021-07-05T23:11:51","modified_gmt":"2021-07-05T23:11:51","slug":"avanza-el-plan-de-rehabilitacion-de-calzada-en-villa-el-libertador","status":"publish","type":"post","link":"http:\/\/hoycordobaweb.com\/index.php\/2021\/07\/05\/avanza-el-plan-de-rehabilitacion-de-calzada-en-villa-el-libertador\/","title":{"rendered":"Avanza el plan de rehabilitaci\u00f3n de calzada en Villa El Libertador"},"content":{"rendered":"<p><strong>Con una inversi\u00f3n de $45 millones, la Municipalidad avanza en la recuperaci\u00f3n de 3.000 metros de calles del sector este del barrio Villa El Libertador<\/strong>, las cuales se encontraban en estado de abandono por falta de mantenimiento debido al alto nivel de las napas fre\u00e1ticas y el mal escurrimiento de las aguas superficiales.<\/p>\n<p><img loading=\"lazy\" class=\"alignnone size-full wp-image-10111\" src=\"http:\/\/hoycordobaweb.com\/wp-content\/uploads\/2021\/07\/avanza-el-plan-de-rehabilitacion-de-calzada-en-villa-el-libertador.jpg\" alt=\"\" width=\"1280\" height=\"853\" srcset=\"http:\/\/hoycordobaweb.com\/wp-content\/uploads\/2021\/07\/avanza-el-plan-de-rehabilitacion-de-calzada-en-villa-el-libertador.jpg 1280w, http:\/\/hoycordobaweb.com\/wp-content\/uploads\/2021\/07\/avanza-el-plan-de-rehabilitacion-de-calzada-en-villa-el-libertador-2.jpg 666w, http:\/\/hoycordobaweb.com\/wp-content\/uploads\/2021\/07\/avanza-el-plan-de-rehabilitacion-de-calzada-en-villa-el-libertador-3.jpg 768w\" sizes=\"(max-width: 1280px) 100vw, 1280px\" \/><\/p>\n<p><strong>Las tareas se ejecutan sobre la calle Carmelo Ibarra, entre Villa Mar\u00eda y Calamuchita, y en La Falda entre Carmelo Ibarra y Tilcara. Recientemente, los trabajos comenzaron sobre Av. De Mayo entre Calamuchita y Arani, la principal avenida del barrio por donde los colectivos ten\u00edan dificultad para acceder.<\/strong><\/p>\n<p><strong>En todos los casos se reemplaza asfalto por hormig\u00f3n<\/strong>, un material con mayor durabilidad, resistencia y que requiere menor mantenimiento.<\/p>\n<p><img loading=\"lazy\" class=\"alignnone size-full wp-image-10112\" src=\"http:\/\/hoycordobaweb.com\/wp-content\/uploads\/2021\/07\/avanza-el-plan-de-rehabilitacion-de-calzada-en-villa-el-libertador-1.jpg\" alt=\"\" width=\"1280\" height=\"853\" srcset=\"http:\/\/hoycordobaweb.com\/wp-content\/uploads\/2021\/07\/avanza-el-plan-de-rehabilitacion-de-calzada-en-villa-el-libertador-1.jpg 1280w, http:\/\/hoycordobaweb.com\/wp-content\/uploads\/2021\/07\/avanza-el-plan-de-rehabilitacion-de-calzada-en-villa-el-libertador-4.jpg 666w, http:\/\/hoycordobaweb.com\/wp-content\/uploads\/2021\/07\/avanza-el-plan-de-rehabilitacion-de-calzada-en-villa-el-libertador-5.jpg 768w\" sizes=\"(max-width: 1280px) 100vw, 1280px\" \/><\/p>\n<p><strong>La intervenci\u00f3n se encuentra en<\/strong> el cuadrante de las calles Arani, R\u00edo Quinto, Carmelo Ibarra y Villa Mar\u00eda, el m\u00e1s cr\u00edtica del barrio, al cual se pudo acceder gracias al hist\u00f3rico descenso del nivel de las napas fre\u00e1ticas que ocasionaba hundimiento de viviendas y deterioro del pavimento.<\/p>\n<p>En el mismo sector, esta en Valor de Barrio Villa El Libertador, con la instalaci\u00f3n de 8.743 metros de ca\u00f1er\u00eda de red cloacal, 631 conexiones domiciliarias, y mejoras en el alumbrado p\u00fablico y espacios verdes.<\/p>\n<p>La entrada <a rel=\"nofollow\" href=\"https:\/\/ladecimaweb.com\/avanza-el-plan-de-rehabilitacion-de-calzada-en-villa-el-libertador\/\">Avanza el plan de rehabilitaci\u00f3n de calzada en Villa El Libertador<\/a> se public\u00f3 primero en <a rel=\"nofollow\" href=\"https:\/\/ladecimaweb.com\">LaDecima<\/a>.<\/p>\n","protected":false},"excerpt":{"rendered":"<p>Con una inversi\u00f3n de $45 millones, la Municipalidad avanza en la recuperaci\u00f3n de 3.000 metros de calles del sector este del barrio Villa El Libertador, las cuales se encontraban en estado de abandono por falta de mantenimiento debido al alto nivel de las napas fre\u00e1ticas y el mal escurrimiento de las aguas superficiales. Las tareas [&hellip;]<\/p>\n","protected":false},"author":1,"featured_media":24332,"comment_status":"closed","ping_status":"closed","sticky":false,"template":"","format":"standard","meta":[],"categories":[19],"tags":[],"_links":{"self":[{"href":"http:\/\/hoycordobaweb.com\/index.php\/wp-json\/wp\/v2\/posts\/24331"}],"collection":[{"href":"http:\/\/hoycordobaweb.com\/index.php\/wp-json\/wp\/v2\/posts"}],"about":[{"href":"http:\/\/hoycordobaweb.com\/index.php\/wp-json\/wp\/v2\/types\/post"}],"author":[{"embeddable":true,"href":"http:\/\/hoycordobaweb.com\/index.php\/wp-json\/wp\/v2\/users\/1"}],"replies":[{"embeddable":true,"href":"http:\/\/hoycordobaweb.com\/index.php\/wp-json\/wp\/v2\/comments?post=24331"}],"version-history":[{"count":0,"href":"http:\/\/hoycordobaweb.com\/index.php\/wp-json\/wp\/v2\/posts\/24331\/revisions"}],"wp:featuredmedia":[{"embeddable":true,"href":"http:\/\/hoycordobaweb.com\/index.php\/wp-json\/wp\/v2\/media\/24332"}],"wp:attachment":[{"href":"http:\/\/hoycordobaweb.com\/index.php\/wp-json\/wp\/v2\/media?parent=24331"}],"wp:term":[{"taxonomy":"category","embeddable":true,"href":"http:\/\/hoycordobaweb.com\/index.php\/wp-json\/wp\/v2\/categories?post=24331"},{"taxonomy":"post_tag","embeddable":true,"href":"http:\/\/hoycordobaweb.com\/index.php\/wp-json\/wp\/v2\/tags?post=24331"}],"curies":[{"name":"wp","href":"https:\/\/api.w.org\/{rel}","templated":true}]}}