{"id":24285,"date":"2021-07-04T12:24:30","date_gmt":"2021-07-04T12:24:30","guid":{"rendered":"https:\/\/www.mujerhoy.com\/moda\/tendencias\/jersey-shorts-crochet-punto-comodo-zara-conjunto-favorecedor-edicion-limitada-20210704142310-nt.html"},"modified":"2021-07-04T12:24:30","modified_gmt":"2021-07-04T12:24:30","slug":"jersey-y-shorts-de-crochet-el-conjunto-mas-favorecedor-con-el-que-sumarte-a-la-tendencia-de-la-temporada-nos-lo-trae-zara-es-de-edicion-limitada-y-esta-casi-agotado","status":"publish","type":"post","link":"http:\/\/hoycordobaweb.com\/index.php\/2021\/07\/04\/jersey-y-shorts-de-crochet-el-conjunto-mas-favorecedor-con-el-que-sumarte-a-la-tendencia-de-la-temporada-nos-lo-trae-zara-es-de-edicion-limitada-y-esta-casi-agotado\/","title":{"rendered":"Jersey y shorts de crochet: el conjunto m\u00e1s favorecedor con el que sumarte a la tendencia de la temporada nos lo trae Zara, es de edici\u00f3n limitada y est\u00e1 casi agotado"},"content":{"rendered":"<p><!-- AUTHOR --><!-- COMPONENTS --><\/p>\n<p class=\"voc-paragraph\">El <a data-voc-vtm-id=\"in-text-traffic\" href=\"https:\/\/www.mujerhoy.com\/moda\/no-te-pierdas\/jersey-crochet-manga-corta-verano-mango-combinar-looks-denim-20210626112755-nt.html\">crochet <\/a>es la tendencia indiscutible de esta temporada. Seguro que ya lo has visto en la calle y, si no, solo tienes que echar un vistazo a las redes sociales de las que m\u00e1s saben de moda. Lo mejor es que hay infinidad de formas de lucirlo e incluso las marcas <a data-voc-vtm-id=\"in-text-traffic\" href=\"https:\/\/www.mujerhoy.com\/moda\/no-te-pierdas\/202106\/12\/vestido-top-short-ganchillo-crochet-lefties-barato-arrasa-tendencia-instagram-combina-todo-20210518152853.html\">low cost<\/a> nos ofrecen posibilidades. As\u00ed pues, es f\u00e1cil encontrar la prenda perfecta sea cual sea tu estilo.\n<\/p>\n<p class=\"voc-paragraph\">Zara nos trae <strong>una opci\u00f3n que nos ha conquistado <\/strong>porque es especialmente favorecedora. El \u00fanico inconveniente es que es de edici\u00f3n limitada, por lo que no tardar\u00e1 en agotarse. Se trata de un conjunto formado por<br \/>\n<strong> un jersey y unos pantalones<\/strong>. Ambas prendas tienen un precioso tono burdeos que favorece tanto a las pieles claras como a las m\u00e1s oscuras.\n<\/p>\n<div class=\"voc-detail__cmp\">\n<div class=\"voc-article-container\">\n<article class=\"voc-article voc-article--cmp-photo-text\" readability=\"1\">\n<div class=\"voc-img-container\" readability=\"7\"><picture>\n<div class=\"voc-horizontal voc-img-icon-link\"><img class=\"lazy\" loading=\"lazy\" data-original=\"\/\/static.mujerhoy.com\/www\/multimedia\/202106\/30\/media\/cortadas\/jersey-crochet-zara-k0zG--624x624@MujerHoy.jpg\" alt=\"El conjunto es s\u00faper c\u00f3modo\"><\/div>\n<\/picture>\n<p class=\"figure-caption \"> El conjunto es s\u00faper c\u00f3modo \/ <span class=\"voc-photo-author\"> Zara <\/span><\/p>\n<\/div>\n<\/article>\n<\/div>\n<\/div>\n<p class=\"voc-paragraph\">El jersey es de punto, tipo polo y ligeramente asim\u00e9trico. Tiene el cuello de solapa, la manga corta y un cierre frontal con botones. Tambi\u00e9n cuenta con dos bolsillos en la parte delantera. En la web solo queda la talla S, ya que la M y la L se han agotado. En cuanto a su precio, es de 39,95 \u20ac.\n<\/p>\n<div class=\"voc-detail__cmp\">\n<div class=\"voc-article-container\">\n<article class=\"voc-article voc-article--cmp-photo-text\" readability=\"1\">\n<div class=\"voc-img-container\" readability=\"7\"><picture>\n<div class=\"voc-horizontal voc-img-icon-link\"><img class=\"lazy\" loading=\"lazy\" data-original=\"\/\/static1.mujerhoy.com\/www\/multimedia\/202106\/30\/media\/cortadas\/shorts-crochet-zara-k0zG--624x624@MujerHoy.jpg\" alt=\"Algunas tallas ya est\u00e1n agotadas en la web\"><\/div>\n<\/picture>\n<p class=\"figure-caption \"> Algunas tallas ya est\u00e1n agotadas en la web \/ <span class=\"voc-photo-author\"> Zara <\/span><\/p>\n<\/div>\n<\/article>\n<\/div>\n<\/div>\n<p class=\"voc-paragraph\">Los pantalones son <strong>unos shorts de tiro alto<\/strong>. La cintura es el\u00e1stica y se puede ajustar gracias a un cord\u00f3n. Adem\u00e1s, tienen un forro que evita que se vea a trav\u00e9s de las aberturas. La talla M ya est\u00e1 agotada en la p\u00e1gina web de la marca (si es la tuya, tendr\u00e1s que buscarla en tienda), pero a\u00fan est\u00e1n disponible tanto la S como la L. <strong>Cuestan 22,95 \u20ac<\/strong>.\n<\/p>\n<div class=\"voc-detail__cmp voc-detail__cmp--pad-lr voc-detail__cmp--pad-lr--bdr\">\n<div class=\"voc-ficha-detail__wrapper\">\n<section class=\"voc-ficha-detail\">\n<h4 class=\"voc-ficha-detail-title voc-title-section\">Te recomendamos<\/h4>\n<\/section>\n<\/div>\n<\/div>\n<p class=\"voc-paragraph\">Para completar el look, solo necesitas un bonito top que puedas lucir bajo el jersey. A\u00f1ade unas sandalias planas y tendr\u00e1s el conjunto perfecto para pasear durante tus vacaciones.\n<\/p>\n<p><!-- TOPICS --><\/p>\n","protected":false},"excerpt":{"rendered":"<p>El crochet es la tendencia indiscutible de esta temporada. Seguro que ya lo has visto en la calle y, si no, solo tienes que echar un vistazo a las redes sociales de las que m\u00e1s saben de moda. Lo mejor es que hay infinidad de formas de lucirlo e incluso las marcas low cost nos [&hellip;]<\/p>\n","protected":false},"author":1,"featured_media":24286,"comment_status":"closed","ping_status":"closed","sticky":false,"template":"","format":"standard","meta":[],"categories":[1],"tags":[],"_links":{"self":[{"href":"http:\/\/hoycordobaweb.com\/index.php\/wp-json\/wp\/v2\/posts\/24285"}],"collection":[{"href":"http:\/\/hoycordobaweb.com\/index.php\/wp-json\/wp\/v2\/posts"}],"about":[{"href":"http:\/\/hoycordobaweb.com\/index.php\/wp-json\/wp\/v2\/types\/post"}],"author":[{"embeddable":true,"href":"http:\/\/hoycordobaweb.com\/index.php\/wp-json\/wp\/v2\/users\/1"}],"replies":[{"embeddable":true,"href":"http:\/\/hoycordobaweb.com\/index.php\/wp-json\/wp\/v2\/comments?post=24285"}],"version-history":[{"count":0,"href":"http:\/\/hoycordobaweb.com\/index.php\/wp-json\/wp\/v2\/posts\/24285\/revisions"}],"wp:featuredmedia":[{"embeddable":true,"href":"http:\/\/hoycordobaweb.com\/index.php\/wp-json\/wp\/v2\/media\/24286"}],"wp:attachment":[{"href":"http:\/\/hoycordobaweb.com\/index.php\/wp-json\/wp\/v2\/media?parent=24285"}],"wp:term":[{"taxonomy":"category","embeddable":true,"href":"http:\/\/hoycordobaweb.com\/index.php\/wp-json\/wp\/v2\/categories?post=24285"},{"taxonomy":"post_tag","embeddable":true,"href":"http:\/\/hoycordobaweb.com\/index.php\/wp-json\/wp\/v2\/tags?post=24285"}],"curies":[{"name":"wp","href":"https:\/\/api.w.org\/{rel}","templated":true}]}}