{"id":24283,"date":"2021-07-04T12:25:59","date_gmt":"2021-07-04T12:25:59","guid":{"rendered":"https:\/\/www.mujerhoy.com\/moda\/no-te-pierdas\/vestido-blanco-sfera-rebajas-parece-lujo-menos-30-euros-20210704142521-nt.html"},"modified":"2021-07-04T12:25:59","modified_gmt":"2021-07-04T12:25:59","slug":"aun-no-nos-explicamos-como-este-vestido-de-las-rebajas-de-sfera-que-parece-de-lujo-sigue-disponible-en-todas-las-tallas","status":"publish","type":"post","link":"http:\/\/hoycordobaweb.com\/index.php\/2021\/07\/04\/aun-no-nos-explicamos-como-este-vestido-de-las-rebajas-de-sfera-que-parece-de-lujo-sigue-disponible-en-todas-las-tallas\/","title":{"rendered":"A\u00fan no nos explicamos c\u00f3mo este vestido de las rebajas de Sfera (que parece de lujo) sigue disponible en todas las tallas"},"content":{"rendered":"<p><!-- AUTHOR --><!-- COMPONENTS --><\/p>\n<p class=\"voc-paragraph\">De verdad que el fen\u00f3meno <strong>rebajas<\/strong> no deja de rompernos el coraz\u00f3n. Nos quedamos sin este <a data-voc-vtm-id=\"in-text-traffic\" href=\"https:\/\/www.mujerhoy.com\/moda\/no-te-pierdas\/vestido-midi-estampado-zara-agotado-lista-espera-look-verano-comodo-rejuvenece-a-los-50-triunfa-instagram-20210615010007-nt.html\">vestido midi<\/a>, tambi\u00e9n sin estos <a data-voc-vtm-id=\"in-text-traffic\" href=\"https:\/\/www.mujerhoy.com\/moda\/no-te-pierdas\/pantalones-estampados-mango-rebajas-agotados-lista-espera-nuria-roca-look-verano-barato-rejuvenece-20210628124312-nt.html\">pantalones estampados<\/a> y fluidos que sientan de maravilla y por supuesto ya nos hemos olvidado de este <a data-voc-vtm-id=\"in-text-traffic\" href=\"https:\/\/www.mujerhoy.com\/moda\/no-te-pierdas\/conjunto-estampado-punto-mango-exito-ventas-agotado-lista-espera-sara-carbonero-20210623153306-nt.html\">conjunto de punto de Mango<\/a> que todas las influencers tienen. Por ello, no damos cr\u00e9dito a que hayamos dado con un <strong>vestido blanco de las rebajas<\/strong> de <strong>Sfera<\/strong> (que <strong>parece de lujo<\/strong> pero que no lo es) con el que nos hemos imaginado otro de los <a data-voc-vtm-id=\"in-text-traffic\" href=\"https:\/\/www.mujerhoy.com\/moda\/no-te-pierdas\/202106\/09\/mejores-looks-catalina-amalia-de-orange-princesa-curvy-edad-hija-maxima-holanda-icono-estilo-140645506310-ga.html\">mejores looks de Catalina Amalia de Orange<\/a>. Porque s\u00ed, confirmamos que es un dise\u00f1o que se pondr\u00edan todas las royals, incluida la princesa Leonor.\n<\/p>\n<p class=\"voc-paragraph\">Se trata de un <strong>vestido de color blanco<\/strong>, corte mini, falda con vuelo, escote a pico con cierre de botones, lazada tanto en el cuello como en el final del escote, mangas largas amplias y fluidas, y detalles de costuras a contraste en color negro. Un dise\u00f1o que puede que en tienda o en web no llame mucho la atenci\u00f3n pero que confirmarmos que sienta de maravilla una vez puesto. Y lo sabemos porque ya tenemos los primeros <strong>looks en Instagram<\/strong>.\n<\/p>\n<p class=\"voc-paragraph\">Un absoluto ganador que nos gusta por su versatilidad atemporal. Puedes estrenarlo ya mismo en las noches m\u00e1s frescas del verano, ya sea para salir a cenar arreglada y con zapatos de tac\u00f3n o para recorrer el paseo mar\u00edtimo con unas sandalias planas y c\u00f3modas. Adem\u00e1s, sienta de maravilla a todas las figuras por su cintura ajustada y su falda ancha y fluida.\n<\/p>\n<div class=\"voc-detail__cmp\">\n<div class=\"voc-article-container\">\n<article class=\"voc-article voc-article--cmp-photo-text\">\n<div class=\"voc-img-container\"><picture>\n<div class=\"voc-horizontal voc-img-icon-link\"><img class=\"lazy\" loading=\"lazy\" data-original=\"\/\/static2.mujerhoy.com\/www\/multimedia\/202106\/30\/media\/cortadas\/vestido-blanco-rebajas-sfera-kQOB--624x624@MujerHoy.jpg\" alt><\/div>\n<\/picture><\/div>\n<\/article>\n<\/div>\n<\/div>\n<div class=\"voc-detail__cmp voc-detail__cmp--pad-lr voc-detail__cmp--pad-lr--bdr\">\n<div class=\"voc-ficha-detail__wrapper\">\n<section class=\"voc-ficha-detail\">\n<h4 class=\"voc-ficha-detail-title voc-title-section\">te recomendamos<\/h4>\n<\/section>\n<\/div>\n<\/div>\n<p class=\"voc-paragraph\">Pero lo que m\u00e1s nos gusta es que nos recuerda a los vestidos de dise\u00f1o de las pasarelas m\u00e1s top, por lo que a\u00fan no nos creemos que a\u00fan siendo de rebajas, siga estando <strong>disponible en todas sus tallas<\/strong> (S, M y L) con un descuento de 10 euros. <strong>Antes: 39,99 euros, ahora: 29,99 euros<\/strong>. Un aut\u00e9ntico chollo que no vamos a dejar escapar y que no nos vamos a quitar en todo el verano ni en todo el oto\u00f1o con botas. \u00a1S\u00ed! La mejor compra de la semana es esta.\n<\/p>\n<div class=\"voc-detail__cmp\">\n<div class=\"voc-article-container\">\n<article class=\"voc-article voc-article--cmp-photo-text\">\n<div class=\"voc-img-container\"><picture>\n<div class=\"voc-horizontal voc-img-icon-link\"><img class=\"lazy\" loading=\"lazy\" data-original=\"\/\/static2.mujerhoy.com\/www\/multimedia\/202106\/30\/media\/cortadas\/vestido-sfera-rebajas-kQOB--624x624@MujerHoy.jpg\" alt><\/div>\n<\/picture><\/div>\n<\/article>\n<\/div>\n<\/div>\n<p><!-- TOPICS --><\/p>\n","protected":false},"excerpt":{"rendered":"<p>De verdad que el fen\u00f3meno rebajas no deja de rompernos el coraz\u00f3n. Nos quedamos sin este vestido midi, tambi\u00e9n sin estos pantalones estampados y fluidos que sientan de maravilla y por supuesto ya nos hemos olvidado de este conjunto de punto de Mango que todas las influencers tienen. Por ello, no damos cr\u00e9dito a que [&hellip;]<\/p>\n","protected":false},"author":1,"featured_media":24284,"comment_status":"closed","ping_status":"closed","sticky":false,"template":"","format":"standard","meta":[],"categories":[1],"tags":[],"_links":{"self":[{"href":"http:\/\/hoycordobaweb.com\/index.php\/wp-json\/wp\/v2\/posts\/24283"}],"collection":[{"href":"http:\/\/hoycordobaweb.com\/index.php\/wp-json\/wp\/v2\/posts"}],"about":[{"href":"http:\/\/hoycordobaweb.com\/index.php\/wp-json\/wp\/v2\/types\/post"}],"author":[{"embeddable":true,"href":"http:\/\/hoycordobaweb.com\/index.php\/wp-json\/wp\/v2\/users\/1"}],"replies":[{"embeddable":true,"href":"http:\/\/hoycordobaweb.com\/index.php\/wp-json\/wp\/v2\/comments?post=24283"}],"version-history":[{"count":0,"href":"http:\/\/hoycordobaweb.com\/index.php\/wp-json\/wp\/v2\/posts\/24283\/revisions"}],"wp:featuredmedia":[{"embeddable":true,"href":"http:\/\/hoycordobaweb.com\/index.php\/wp-json\/wp\/v2\/media\/24284"}],"wp:attachment":[{"href":"http:\/\/hoycordobaweb.com\/index.php\/wp-json\/wp\/v2\/media?parent=24283"}],"wp:term":[{"taxonomy":"category","embeddable":true,"href":"http:\/\/hoycordobaweb.com\/index.php\/wp-json\/wp\/v2\/categories?post=24283"},{"taxonomy":"post_tag","embeddable":true,"href":"http:\/\/hoycordobaweb.com\/index.php\/wp-json\/wp\/v2\/tags?post=24283"}],"curies":[{"name":"wp","href":"https:\/\/api.w.org\/{rel}","templated":true}]}}