{"id":24213,"date":"2021-07-03T19:14:45","date_gmt":"2021-07-03T19:14:45","guid":{"rendered":"http:\/\/ladecimaweb.com\/?p=10073"},"modified":"2021-07-03T19:14:45","modified_gmt":"2021-07-03T19:14:45","slug":"reparan-totalmente-300-metros-de-la-avenida-de-mayo-y-para-los-frentistas-es-una-fiesta","status":"publish","type":"post","link":"http:\/\/hoycordobaweb.com\/index.php\/2021\/07\/03\/reparan-totalmente-300-metros-de-la-avenida-de-mayo-y-para-los-frentistas-es-una-fiesta\/","title":{"rendered":"Reparan totalmente 300 metros de la avenida de Mayo y para los frentistas es una fiesta"},"content":{"rendered":"<p>Las cuadrillas municipales comenzaron esta semana con los trabajos de reparaci\u00f3n de calzada de al menos tres calles de la avenida de Mayo, la principal calle comercial de Villa El Libertador.<\/p>\n<p>Las tareas de rotura total del asfalto, compactado con tierra y los nuevos pa\u00f1os de hormig\u00f3n de 16 cent\u00edmetros de espesor, arrancaron en la esquina de Arani y se extienden hasta la La Falda. Veremos si luego siguen con las calles del fondo hasta Villa Mar\u00eda.<\/p>\n<p>Los frentistas a\u00fan no salen de la incredulidad porque este era un reclamo hist\u00f3rico reflejado por La D\u00e9cima en distintas oportunidades.<\/p>\n<p>Luego del paso de la red cloacal domiciliaria por la zona, las calles quedaron destruidas, casi sin asfalto, solo tierra y cuando llov\u00eda se convert\u00eda en un asfalto. En su momento se resolvi\u00f3 cubrir las calles con piedras para que los veh\u00edculos pudieran tener agarre y no resbalar. Al principio, el remedio ayud\u00f3 pero termin\u00f3 siendo peor que la enfermedad porque al ser pisada por los autos y colectivos las piedras sal\u00edan despedidas como proyectiles impactando contra peatones y escaparates de los negocios. Alguno que m\u00e1s que otro termin\u00f3 con la vidriera rota y sin que nadie le repare el costo de la reparaci\u00f3n.<\/p>\n<p>Las m\u00e1quinas ahora est\u00e1n a full y proyectan terminan las calles en un par de semanas. Los comerciantes y vecinos lo disfrutan y siguen las labores de cerca. En este sentido, la gesti\u00f3n de Mart\u00edn Llaryora se hizo eco de un reclamo hist\u00f3rico.<\/p>\n<div class=\"fitvids-video\"><iframe title=\"Reparan calzada comercial en VEL\" width=\"800\" height=\"450\" src=\"https:\/\/www.youtube.com\/embed\/ly3eW7mJt04?feature=oembed\" frameborder=\"0\" allow=\"accelerometer; autoplay; clipboard-write; encrypted-media; gyroscope; picture-in-picture\" allowfullscreen><\/iframe><\/div>\n<div class=\"fitvids-video\"><iframe title=\"Vecinos contentos con la.obra\" width=\"800\" height=\"450\" src=\"https:\/\/www.youtube.com\/embed\/YQuVsdSqyxU?feature=oembed\" frameborder=\"0\" allow=\"accelerometer; autoplay; clipboard-write; encrypted-media; gyroscope; picture-in-picture\" allowfullscreen><\/iframe><\/div>\n<div class=\"fitvids-video\"><iframe title=\"Reparaci\u00f3n total de calzada en parte de la avenida de Mayo.\" width=\"800\" height=\"450\" src=\"https:\/\/www.youtube.com\/embed\/3qRiQ4czX8Q?feature=oembed\" frameborder=\"0\" allow=\"accelerometer; autoplay; clipboard-write; encrypted-media; gyroscope; picture-in-picture\" allowfullscreen><\/iframe><\/div>\n<div class=\"fitvids-video\"><iframe title=\"M\u00e1quinas sin descanso y puntera pejotista chocha\" width=\"800\" height=\"450\" src=\"https:\/\/www.youtube.com\/embed\/1s3dVxTcMhE?feature=oembed\" frameborder=\"0\" allow=\"accelerometer; autoplay; clipboard-write; encrypted-media; gyroscope; picture-in-picture\" allowfullscreen><\/iframe><\/div>\n<p>&nbsp;<\/p>\n<div class=\"ubm_banner\"><a href=\"https:\/\/youtu.be\/PPZcx3DZupk\" target=\"_blank\" rel=\"dofollow noopener noreferrer\"><img src=\"http:\/\/hoycordobaweb.com\/wp-content\/uploads\/2021\/07\/reparan-totalmente-300-metros-de-la-avenida-de-mayo-y-para-los-frentistas-es-una-fiesta.gif\" alt=\"\"><\/a><\/div>\n<p>La entrada <a rel=\"nofollow\" href=\"https:\/\/ladecimaweb.com\/reparan-totalmente-300-metros-de-la-avenida-de-mayo-y-para-los-frentistas-es-una-fiesta\/\">Reparan totalmente 300 metros de la avenida de Mayo y para los frentistas es una fiesta<\/a> se public\u00f3 primero en <a rel=\"nofollow\" href=\"https:\/\/ladecimaweb.com\">LaDecima<\/a>.<\/p>\n","protected":false},"excerpt":{"rendered":"<p>Las cuadrillas municipales comenzaron esta semana con los trabajos de reparaci\u00f3n de calzada de al menos tres calles de la avenida de Mayo, la principal calle comercial de Villa El Libertador. Las tareas de rotura total del asfalto, compactado con tierra y los nuevos pa\u00f1os de hormig\u00f3n de 16 cent\u00edmetros de espesor, arrancaron en la [&hellip;]<\/p>\n","protected":false},"author":1,"featured_media":24214,"comment_status":"closed","ping_status":"closed","sticky":false,"template":"","format":"standard","meta":[],"categories":[19],"tags":[],"_links":{"self":[{"href":"http:\/\/hoycordobaweb.com\/index.php\/wp-json\/wp\/v2\/posts\/24213"}],"collection":[{"href":"http:\/\/hoycordobaweb.com\/index.php\/wp-json\/wp\/v2\/posts"}],"about":[{"href":"http:\/\/hoycordobaweb.com\/index.php\/wp-json\/wp\/v2\/types\/post"}],"author":[{"embeddable":true,"href":"http:\/\/hoycordobaweb.com\/index.php\/wp-json\/wp\/v2\/users\/1"}],"replies":[{"embeddable":true,"href":"http:\/\/hoycordobaweb.com\/index.php\/wp-json\/wp\/v2\/comments?post=24213"}],"version-history":[{"count":0,"href":"http:\/\/hoycordobaweb.com\/index.php\/wp-json\/wp\/v2\/posts\/24213\/revisions"}],"wp:featuredmedia":[{"embeddable":true,"href":"http:\/\/hoycordobaweb.com\/index.php\/wp-json\/wp\/v2\/media\/24214"}],"wp:attachment":[{"href":"http:\/\/hoycordobaweb.com\/index.php\/wp-json\/wp\/v2\/media?parent=24213"}],"wp:term":[{"taxonomy":"category","embeddable":true,"href":"http:\/\/hoycordobaweb.com\/index.php\/wp-json\/wp\/v2\/categories?post=24213"},{"taxonomy":"post_tag","embeddable":true,"href":"http:\/\/hoycordobaweb.com\/index.php\/wp-json\/wp\/v2\/tags?post=24213"}],"curies":[{"name":"wp","href":"https:\/\/api.w.org\/{rel}","templated":true}]}}