{"id":24197,"date":"2021-07-01T12:47:01","date_gmt":"2021-07-01T12:47:01","guid":{"rendered":"http:\/\/fono.fcm.unc.edu.ar\/?p=6412"},"modified":"2021-07-01T12:47:01","modified_gmt":"2021-07-01T12:47:01","slug":"modulo-optativo-de-apoyo-a-la-alfabetizacion-academica-en-linguistica","status":"publish","type":"post","link":"http:\/\/hoycordobaweb.com\/index.php\/2021\/07\/01\/modulo-optativo-de-apoyo-a-la-alfabetizacion-academica-en-linguistica\/","title":{"rendered":"M\u00f3dulo optativo de apoyo a la alfabetizaci\u00f3n acad\u00e9mica en Ling\u00fc\u00edstica"},"content":{"rendered":"<h2 class=\"fusion-post-title\">M\u00f3dulo optativo de apoyo a la alfabetizaci\u00f3n acad\u00e9mica en Ling\u00fc\u00edstica<\/h2>\n<div class=\"post-content\" readability=\"37.378917378917\">\n<p><img loading=\"lazy\" class=\"alignright wp-image-6415 size-fusion-400\" src=\"https:\/\/fono.fcm.unc.edu.ar\/wp-content\/uploads\/sites\/14\/2021\/07\/WhatsApp-Image-2021-07-01-at-09.42.22-400x400.jpeg\" alt width=\"400\" height=\"400\" srcset=\"https:\/\/fono.fcm.unc.edu.ar\/wp-content\/uploads\/sites\/14\/2021\/07\/WhatsApp-Image-2021-07-01-at-09.42.22-66x66.jpeg 66w, https:\/\/fono.fcm.unc.edu.ar\/wp-content\/uploads\/sites\/14\/2021\/07\/WhatsApp-Image-2021-07-01-at-09.42.22-150x150.jpeg 150w, https:\/\/fono.fcm.unc.edu.ar\/wp-content\/uploads\/sites\/14\/2021\/07\/WhatsApp-Image-2021-07-01-at-09.42.22-200x200.jpeg 200w, https:\/\/fono.fcm.unc.edu.ar\/wp-content\/uploads\/sites\/14\/2021\/07\/WhatsApp-Image-2021-07-01-at-09.42.22-300x300.jpeg 300w, https:\/\/fono.fcm.unc.edu.ar\/wp-content\/uploads\/sites\/14\/2021\/07\/WhatsApp-Image-2021-07-01-at-09.42.22-400x400.jpeg 400w, https:\/\/fono.fcm.unc.edu.ar\/wp-content\/uploads\/sites\/14\/2021\/07\/WhatsApp-Image-2021-07-01-at-09.42.22-600x600.jpeg 600w, https:\/\/fono.fcm.unc.edu.ar\/wp-content\/uploads\/sites\/14\/2021\/07\/WhatsApp-Image-2021-07-01-at-09.42.22-768x768.jpeg 768w, https:\/\/fono.fcm.unc.edu.ar\/wp-content\/uploads\/sites\/14\/2021\/07\/WhatsApp-Image-2021-07-01-at-09.42.22-800x800.jpeg 800w, https:\/\/fono.fcm.unc.edu.ar\/wp-content\/uploads\/sites\/14\/2021\/07\/WhatsApp-Image-2021-07-01-at-09.42.22-1024x1024.jpeg 1024w, https:\/\/fono.fcm.unc.edu.ar\/wp-content\/uploads\/sites\/14\/2021\/07\/WhatsApp-Image-2021-07-01-at-09.42.22.jpeg 1080w\" sizes=\"(max-width: 400px) 100vw, 400px\">Propuesta para las y los estudiantes <strong><em>\u00abM\u00f3dulo optativo de apoyo a la alfabetizaci\u00f3n acad\u00e9mica en Ling\u00fc\u00edstica\u00bb <\/em><\/strong><\/p>\n<p><strong>Duraci\u00f3n<\/strong>: de agosto a diciembre de 2021. Un encuentro semanal de 1 1\/2 hora de duraci\u00f3n v\u00eda Meet&nbsp; a cargo de la Prof. Teresa L\u00f3pez.<\/p>\n<p><strong>Destinado a<\/strong>: estudiantes de la FCM.<\/p>\n<p>Para m\u00e1s informaci\u00f3n contactarse con <a href=\"mailto:teresa.lopez@unc.edu.ar\">teresa.lopez@unc.edu.ar<\/a><\/p>\n<\/p><\/div>\n","protected":false},"excerpt":{"rendered":"<p>M\u00f3dulo optativo de apoyo a la alfabetizaci\u00f3n acad\u00e9mica en Ling\u00fc\u00edstica Propuesta para las y los estudiantes \u00abM\u00f3dulo optativo de apoyo a la alfabetizaci\u00f3n acad\u00e9mica en Ling\u00fc\u00edstica\u00bb Duraci\u00f3n: de agosto a diciembre de 2021. Un encuentro semanal de 1 1\/2 hora de duraci\u00f3n v\u00eda Meet&nbsp; a cargo de la Prof. Teresa L\u00f3pez. Destinado a: estudiantes de [&hellip;]<\/p>\n","protected":false},"author":1,"featured_media":0,"comment_status":"closed","ping_status":"closed","sticky":false,"template":"","format":"standard","meta":[],"categories":[1],"tags":[],"_links":{"self":[{"href":"http:\/\/hoycordobaweb.com\/index.php\/wp-json\/wp\/v2\/posts\/24197"}],"collection":[{"href":"http:\/\/hoycordobaweb.com\/index.php\/wp-json\/wp\/v2\/posts"}],"about":[{"href":"http:\/\/hoycordobaweb.com\/index.php\/wp-json\/wp\/v2\/types\/post"}],"author":[{"embeddable":true,"href":"http:\/\/hoycordobaweb.com\/index.php\/wp-json\/wp\/v2\/users\/1"}],"replies":[{"embeddable":true,"href":"http:\/\/hoycordobaweb.com\/index.php\/wp-json\/wp\/v2\/comments?post=24197"}],"version-history":[{"count":0,"href":"http:\/\/hoycordobaweb.com\/index.php\/wp-json\/wp\/v2\/posts\/24197\/revisions"}],"wp:attachment":[{"href":"http:\/\/hoycordobaweb.com\/index.php\/wp-json\/wp\/v2\/media?parent=24197"}],"wp:term":[{"taxonomy":"category","embeddable":true,"href":"http:\/\/hoycordobaweb.com\/index.php\/wp-json\/wp\/v2\/categories?post=24197"},{"taxonomy":"post_tag","embeddable":true,"href":"http:\/\/hoycordobaweb.com\/index.php\/wp-json\/wp\/v2\/tags?post=24197"}],"curies":[{"name":"wp","href":"https:\/\/api.w.org\/{rel}","templated":true}]}}