{"id":24179,"date":"2021-07-02T20:00:26","date_gmt":"2021-07-02T20:00:26","guid":{"rendered":"https:\/\/www.trendencias.com\/moda-famosas\/look-paula-echevarria-para-ver-partido-espana"},"modified":"2021-07-02T20:00:26","modified_gmt":"2021-07-02T20:00:26","slug":"el-look-de-paula-echevarria-para-ver-el-partido-de-espana","status":"publish","type":"post","link":"http:\/\/hoycordobaweb.com\/index.php\/2021\/07\/02\/el-look-de-paula-echevarria-para-ver-el-partido-de-espana\/","title":{"rendered":"El look de Paula Echevarr\u00eda para ver el partido de Espa\u00f1a"},"content":{"rendered":"<p><strong>Paula Echevarr\u00eda <\/strong>ha vuelto a compartir en su cuenta de<em> Instagram<\/em> un<a href=\"https:\/\/www.trendencias.com\/moda-famosas\/asi-ideal-vestido-tie-dye-paula-echevarria-que-hemos-encontrado-rebajado-stradivarius-20-euros\"> <em>look <\/em>perfecto para el verano, <\/a>en esta ocasi\u00f3n para apoyar a Espa\u00f1a. La actriz no ha querido perderse el partido entre Espa\u00f1a y Suiza, cuyo resultado nos ha llevado a la semifinal de la Eurocopa.<\/p>\n<p><!-- BREAK 1 --><\/p>\n<p>El vestido se ha convertido en su mejor aliado. Es la prenda m\u00e1s repetida en sus <em>looks <\/em>estivales &nbsp;y en esta ocasi\u00f3n ha escogido un modelo c\u00f3modo y bonito.<\/p>\n<p><!-- BREAK 2 --> <\/p>\n<div class=\"article-asset article-asset-normal article-asset-center\">\n<div class=\"desvio-container\">\n<div class=\"desvio\">\n<div class=\"desvio-figure js-desvio-figure\"> <a href=\"https:\/\/www.trendencias.com\/moda-famosas\/sea-vestido-blanco-largo-falda-top-estampados-paula-echevarria-inspira-nuestros-looks-veraniegos\"> <img alt=\"Ya sea con vestido blanco largo o con falda y top estampados, Paula Echevarr\u00eda inspira nuestros looks m\u00e1s veraniegos \" src=\"http:\/\/hoycordobaweb.com\/wp-content\/uploads\/2021\/07\/el-look-de-paula-echevarria-para-ver-el-partido-de-espana.jpg\"> <\/a> <\/div><\/div><\/div>\n<\/div>\n<div class=\"article-asset-image article-asset-normal article-asset-center\">\n<div class=\"asset-content\">\n<div class=\"base-wrapper-image\"> <img class=\"sf-lazy centro_sinmarco\" data-sf-srcset=\"http:\/\/hoycordobaweb.com\/wp-content\/uploads\/2021\/07\/el-look-de-paula-echevarria-para-ver-el-partido-de-espana-1.jpg 450w, http:\/\/hoycordobaweb.com\/wp-content\/uploads\/2021\/07\/el-look-de-paula-echevarria-para-ver-el-partido-de-espana-6.jpg 681w,http:\/\/hoycordobaweb.com\/wp-content\/uploads\/2021\/07\/el-look-de-paula-echevarria-para-ver-el-partido-de-espana-7.jpg 1024w, http:\/\/hoycordobaweb.com\/wp-content\/uploads\/2021\/07\/el-look-de-paula-echevarria-para-ver-el-partido-de-espana-8.jpg 1366w,\" data-sf-src=\"http:\/\/hoycordobaweb.com\/wp-content\/uploads\/2021\/07\/el-look-de-paula-echevarria-para-ver-el-partido-de-espana-1.jpg\" alt=\"Vestido Kelly\"> <noscript><img alt=\"Vestido Kelly\" class=\"centro_sinmarco\" src=\"http:\/\/hoycordobaweb.com\/wp-content\/uploads\/2021\/07\/el-look-de-paula-echevarria-para-ver-el-partido-de-espana-1.jpg\"><\/noscript> <\/div><\/div>\n<\/div>\n<p>Paula ha apostado por un vestido vaporoso corto &nbsp;de <em>cashmere, <\/em>de estampado <em>paisley<\/em> y detalle de puntillas. Un dise\u00f1o camisero de manga corta y volante de <strong>Maggie Sweet <\/strong>que adem\u00e1s est\u00e1 en rebajas. su precio era de 79,95 euros y ahora es de <a href=\"https:\/\/maggiesweet.es\/es\/mobile\/product\/1782-vestido-kelly\">39,98 euros.<\/a><\/p>\n<p><!-- BREAK 3 --><\/p>\n<p>Un estilismo perfecto para estar en casa y ver el partido con estilo. <em>Make up <\/em>natural, melena con la raya al medio y manicura francesa perfecta han completado su <em>oufit <\/em>futbolero.<\/p>\n<p><!-- BREAK 4 --><\/p>\n<h2>Tres vestidos que son un aut\u00e9ntico flechazo<\/h2>\n<p>La marca tiene en su colecci\u00f3n de verano vestidos ideales pero nos quedamos con estos tres flechazos:<\/p>\n<p><!-- BREAK 5 --><\/p>\n<div class=\"article-asset-image article-asset-normal article-asset-center\">\n<div class=\"asset-content\">\n<div class=\"base-wrapper-image\"> <img class=\"sf-lazy centro_sinmarco\" data-sf-srcset=\"http:\/\/hoycordobaweb.com\/wp-content\/uploads\/2021\/07\/el-look-de-paula-echevarria-para-ver-el-partido-de-espana-2.jpg 450w, http:\/\/hoycordobaweb.com\/wp-content\/uploads\/2021\/07\/el-look-de-paula-echevarria-para-ver-el-partido-de-espana-9.jpg 681w,http:\/\/hoycordobaweb.com\/wp-content\/uploads\/2021\/07\/el-look-de-paula-echevarria-para-ver-el-partido-de-espana-10.jpg 1024w, http:\/\/hoycordobaweb.com\/wp-content\/uploads\/2021\/07\/el-look-de-paula-echevarria-para-ver-el-partido-de-espana-11.jpg 1366w,\" data-sf-src=\"http:\/\/hoycordobaweb.com\/wp-content\/uploads\/2021\/07\/el-look-de-paula-echevarria-para-ver-el-partido-de-espana-2.jpg\" alt=\"Vestido Colombia\"> <noscript><img alt=\"Vestido Colombia\" class=\"centro_sinmarco\" src=\"http:\/\/hoycordobaweb.com\/wp-content\/uploads\/2021\/07\/el-look-de-paula-echevarria-para-ver-el-partido-de-espana-2.jpg\"><\/noscript> <\/div><\/div>\n<\/div>\n<p>Vestido de estampado de cuadros en verde y azul con mangas abullonadas. Su precio en rebajas es de <a href=\"https:\/\/maggiesweet.es\/es\/inicio\/1916-8191-vestido-colombia.html#\/218-talla-xs\/344-color-estampado_vichy_azul_y_turquesa\">59,96 euros.<\/a><\/p>\n<p><!-- BREAK 6 --><\/p>\n<div class=\"article-asset-image article-asset-normal article-asset-center\">\n<div class=\"asset-content\">\n<div class=\"base-wrapper-image\"> <img class=\"sf-lazy centro_sinmarco\" data-sf-srcset=\"http:\/\/hoycordobaweb.com\/wp-content\/uploads\/2021\/07\/el-look-de-paula-echevarria-para-ver-el-partido-de-espana-3.jpg 450w, http:\/\/hoycordobaweb.com\/wp-content\/uploads\/2021\/07\/el-look-de-paula-echevarria-para-ver-el-partido-de-espana-12.jpg 681w,http:\/\/hoycordobaweb.com\/wp-content\/uploads\/2021\/07\/el-look-de-paula-echevarria-para-ver-el-partido-de-espana-13.jpg 1024w, http:\/\/hoycordobaweb.com\/wp-content\/uploads\/2021\/07\/el-look-de-paula-echevarria-para-ver-el-partido-de-espana-14.jpg 1366w,\" data-sf-src=\"http:\/\/hoycordobaweb.com\/wp-content\/uploads\/2021\/07\/el-look-de-paula-echevarria-para-ver-el-partido-de-espana-3.jpg\" alt=\"Vestido Gardenia\"> <noscript><img alt=\"Vestido Gardenia\" class=\"centro_sinmarco\" src=\"http:\/\/hoycordobaweb.com\/wp-content\/uploads\/2021\/07\/el-look-de-paula-echevarria-para-ver-el-partido-de-espana-3.jpg\"><\/noscript> <\/div><\/div>\n<\/div>\n<p>Vestido <em>denim <\/em>con detalles de puntilla blanca con escote y mangas fruncidas. Su precio en rebajas es de <a href=\"https:\/\/maggiesweet.es\/es\/inicio\/1919-8206-vestido-gardenia.html#\/218-talla-xs\/348-color-azul_denim\">59,96 euros.<\/a><\/p>\n<p><!-- BREAK 7 --><\/p>\n<div class=\"article-asset-image article-asset-normal article-asset-center\">\n<div class=\"asset-content\">\n<div class=\"base-wrapper-image\"> <img class=\"sf-lazy centro_sinmarco\" data-sf-srcset=\"http:\/\/hoycordobaweb.com\/wp-content\/uploads\/2021\/07\/el-look-de-paula-echevarria-para-ver-el-partido-de-espana-4.jpg 450w, http:\/\/hoycordobaweb.com\/wp-content\/uploads\/2021\/07\/el-look-de-paula-echevarria-para-ver-el-partido-de-espana-15.jpg 681w,http:\/\/hoycordobaweb.com\/wp-content\/uploads\/2021\/07\/el-look-de-paula-echevarria-para-ver-el-partido-de-espana-16.jpg 1024w, http:\/\/hoycordobaweb.com\/wp-content\/uploads\/2021\/07\/el-look-de-paula-echevarria-para-ver-el-partido-de-espana-17.jpg 1366w,\" data-sf-src=\"http:\/\/hoycordobaweb.com\/wp-content\/uploads\/2021\/07\/el-look-de-paula-echevarria-para-ver-el-partido-de-espana-4.jpg\" alt=\"Vestido Barranquilla\"> <noscript><img alt=\"Vestido Barranquilla\" class=\"centro_sinmarco\" src=\"http:\/\/hoycordobaweb.com\/wp-content\/uploads\/2021\/07\/el-look-de-paula-echevarria-para-ver-el-partido-de-espana-4.jpg\"><\/noscript> <\/div><\/div>\n<\/div>\n<p>Maxi vestido camisero de botones y mangas fruncidas.Su precio en rebajas es de <a href=\"https:\/\/maggiesweet.es\/es\/inicio\/1922-8226-vestido-barranquilla.html#\/218-talla-xs\/340-color-terracotta\">52,47 euros.<\/a><\/p>\n<p><!-- BREAK 8 --><\/p>\n<p>Fotos | @pau_eche, Maggie Sweet<\/p>\n","protected":false},"excerpt":{"rendered":"<p>Paula Echevarr\u00eda ha vuelto a compartir en su cuenta de Instagram un look perfecto para el verano, en esta ocasi\u00f3n para apoyar a Espa\u00f1a. La actriz no ha querido perderse el partido entre Espa\u00f1a y Suiza, cuyo resultado nos ha llevado a la semifinal de la Eurocopa. El vestido se ha convertido en su mejor [&hellip;]<\/p>\n","protected":false},"author":1,"featured_media":24180,"comment_status":"closed","ping_status":"closed","sticky":false,"template":"","format":"standard","meta":[],"categories":[1],"tags":[],"_links":{"self":[{"href":"http:\/\/hoycordobaweb.com\/index.php\/wp-json\/wp\/v2\/posts\/24179"}],"collection":[{"href":"http:\/\/hoycordobaweb.com\/index.php\/wp-json\/wp\/v2\/posts"}],"about":[{"href":"http:\/\/hoycordobaweb.com\/index.php\/wp-json\/wp\/v2\/types\/post"}],"author":[{"embeddable":true,"href":"http:\/\/hoycordobaweb.com\/index.php\/wp-json\/wp\/v2\/users\/1"}],"replies":[{"embeddable":true,"href":"http:\/\/hoycordobaweb.com\/index.php\/wp-json\/wp\/v2\/comments?post=24179"}],"version-history":[{"count":0,"href":"http:\/\/hoycordobaweb.com\/index.php\/wp-json\/wp\/v2\/posts\/24179\/revisions"}],"wp:featuredmedia":[{"embeddable":true,"href":"http:\/\/hoycordobaweb.com\/index.php\/wp-json\/wp\/v2\/media\/24180"}],"wp:attachment":[{"href":"http:\/\/hoycordobaweb.com\/index.php\/wp-json\/wp\/v2\/media?parent=24179"}],"wp:term":[{"taxonomy":"category","embeddable":true,"href":"http:\/\/hoycordobaweb.com\/index.php\/wp-json\/wp\/v2\/categories?post=24179"},{"taxonomy":"post_tag","embeddable":true,"href":"http:\/\/hoycordobaweb.com\/index.php\/wp-json\/wp\/v2\/tags?post=24179"}],"curies":[{"name":"wp","href":"https:\/\/api.w.org\/{rel}","templated":true}]}}