{"id":24132,"date":"2021-06-30T19:56:00","date_gmt":"2021-06-30T19:56:00","guid":{"rendered":"https:\/\/fm-comunicar.com.ar\/contenido\/17846\/este-sabado-se-hara-el-gran-donhaton-solidario-de-abrigo"},"modified":"2021-06-30T19:56:00","modified_gmt":"2021-06-30T19:56:00","slug":"este-sabado-se-hara-el-gran-donhaton-solidario-de-abrigo","status":"publish","type":"post","link":"http:\/\/hoycordobaweb.com\/index.php\/2021\/06\/30\/este-sabado-se-hara-el-gran-donhaton-solidario-de-abrigo\/","title":{"rendered":"Este s\u00e1bado se har\u00e1 el gran \u00abDonhat\u00f3n\u00bb solidario de abrigo"},"content":{"rendered":"<p>Se realizar\u00e1 en vivo, de 10 a 12:30, por nuestra emisora. Grupo DONHA junto a Radio Comunicar recoger\u00e1n donaciones de frazadas, cuadraditos tejidos y telas o prendas de invierno. Habr\u00e1 sorteo con premios para las personas que participen.<img src=\"http:\/\/hoycordobaweb.com\/wp-content\/uploads\/2021\/07\/este-sabado-se-hara-el-gran-donhaton-solidario-de-abrigo.jpg\"><\/p>\n","protected":false},"excerpt":{"rendered":"<p>Se realizar\u00e1 en vivo, de 10 a 12:30, por nuestra emisora. Grupo DONHA junto a Radio Comunicar recoger\u00e1n donaciones de frazadas, cuadraditos tejidos y telas o prendas de invierno. Habr\u00e1 sorteo con premios para las personas que participen.<\/p>\n","protected":false},"author":1,"featured_media":24133,"comment_status":"closed","ping_status":"closed","sticky":false,"template":"","format":"standard","meta":[],"categories":[18],"tags":[],"_links":{"self":[{"href":"http:\/\/hoycordobaweb.com\/index.php\/wp-json\/wp\/v2\/posts\/24132"}],"collection":[{"href":"http:\/\/hoycordobaweb.com\/index.php\/wp-json\/wp\/v2\/posts"}],"about":[{"href":"http:\/\/hoycordobaweb.com\/index.php\/wp-json\/wp\/v2\/types\/post"}],"author":[{"embeddable":true,"href":"http:\/\/hoycordobaweb.com\/index.php\/wp-json\/wp\/v2\/users\/1"}],"replies":[{"embeddable":true,"href":"http:\/\/hoycordobaweb.com\/index.php\/wp-json\/wp\/v2\/comments?post=24132"}],"version-history":[{"count":0,"href":"http:\/\/hoycordobaweb.com\/index.php\/wp-json\/wp\/v2\/posts\/24132\/revisions"}],"wp:featuredmedia":[{"embeddable":true,"href":"http:\/\/hoycordobaweb.com\/index.php\/wp-json\/wp\/v2\/media\/24133"}],"wp:attachment":[{"href":"http:\/\/hoycordobaweb.com\/index.php\/wp-json\/wp\/v2\/media?parent=24132"}],"wp:term":[{"taxonomy":"category","embeddable":true,"href":"http:\/\/hoycordobaweb.com\/index.php\/wp-json\/wp\/v2\/categories?post=24132"},{"taxonomy":"post_tag","embeddable":true,"href":"http:\/\/hoycordobaweb.com\/index.php\/wp-json\/wp\/v2\/tags?post=24132"}],"curies":[{"name":"wp","href":"https:\/\/api.w.org\/{rel}","templated":true}]}}