{"id":24000,"date":"2021-06-30T18:42:00","date_gmt":"2021-06-30T18:42:00","guid":{"rendered":"https:\/\/fm-comunicar.com.ar\/contenido\/17845\/vacunas-vacaciones-y-educacion-los-temas-importantes-de-las-nuevas-medidas-para-"},"modified":"2021-06-30T18:42:00","modified_gmt":"2021-06-30T18:42:00","slug":"vacunas-vacaciones-y-educacion-los-temas-importantes-de-las-nuevas-medidas-para-cordoba","status":"publish","type":"post","link":"http:\/\/hoycordobaweb.com\/index.php\/2021\/06\/30\/vacunas-vacaciones-y-educacion-los-temas-importantes-de-las-nuevas-medidas-para-cordoba\/","title":{"rendered":"Vacunas, vacaciones y educaci\u00f3n, los temas importantes de las nuevas medidas para C\u00f3rdoba"},"content":{"rendered":"<p>La provincia habilita el turismo desde el 9 de julio, pero mantiene la prohibici\u00f3n de reuniones familiares. Las clases seguir\u00e1n virtuales y el receso empieza el lunes 12.<img src=\"http:\/\/hoycordobaweb.com\/wp-content\/uploads\/2021\/06\/vacunas-vacaciones-y-educacion-los-temas-importantes-de-las-nuevas-medidas-para-cordoba.jpg\"><\/p>\n","protected":false},"excerpt":{"rendered":"<p>La provincia habilita el turismo desde el 9 de julio, pero mantiene la prohibici\u00f3n de reuniones familiares. Las clases seguir\u00e1n virtuales y el receso empieza el lunes 12.<\/p>\n","protected":false},"author":1,"featured_media":24001,"comment_status":"closed","ping_status":"closed","sticky":false,"template":"","format":"standard","meta":[],"categories":[18],"tags":[],"_links":{"self":[{"href":"http:\/\/hoycordobaweb.com\/index.php\/wp-json\/wp\/v2\/posts\/24000"}],"collection":[{"href":"http:\/\/hoycordobaweb.com\/index.php\/wp-json\/wp\/v2\/posts"}],"about":[{"href":"http:\/\/hoycordobaweb.com\/index.php\/wp-json\/wp\/v2\/types\/post"}],"author":[{"embeddable":true,"href":"http:\/\/hoycordobaweb.com\/index.php\/wp-json\/wp\/v2\/users\/1"}],"replies":[{"embeddable":true,"href":"http:\/\/hoycordobaweb.com\/index.php\/wp-json\/wp\/v2\/comments?post=24000"}],"version-history":[{"count":0,"href":"http:\/\/hoycordobaweb.com\/index.php\/wp-json\/wp\/v2\/posts\/24000\/revisions"}],"wp:featuredmedia":[{"embeddable":true,"href":"http:\/\/hoycordobaweb.com\/index.php\/wp-json\/wp\/v2\/media\/24001"}],"wp:attachment":[{"href":"http:\/\/hoycordobaweb.com\/index.php\/wp-json\/wp\/v2\/media?parent=24000"}],"wp:term":[{"taxonomy":"category","embeddable":true,"href":"http:\/\/hoycordobaweb.com\/index.php\/wp-json\/wp\/v2\/categories?post=24000"},{"taxonomy":"post_tag","embeddable":true,"href":"http:\/\/hoycordobaweb.com\/index.php\/wp-json\/wp\/v2\/tags?post=24000"}],"curies":[{"name":"wp","href":"https:\/\/api.w.org\/{rel}","templated":true}]}}