{"id":2393,"date":"2020-09-27T23:13:00","date_gmt":"2020-09-27T23:13:00","guid":{"rendered":"http:\/\/hoycordobaweb.com\/index.php\/2020\/09\/27\/polemica-por-los-impuestos-declarados-y-pagados-por-trump\/"},"modified":"2020-09-27T23:13:00","modified_gmt":"2020-09-27T23:13:00","slug":"polemica-por-los-impuestos-declarados-y-pagados-por-trump","status":"publish","type":"post","link":"http:\/\/hoycordobaweb.com\/index.php\/2020\/09\/27\/polemica-por-los-impuestos-declarados-y-pagados-por-trump\/","title":{"rendered":"Pol\u00e9mica por los impuestos declarados y pagados por Trump"},"content":{"rendered":"<p><img src=\"http:\/\/hoycordobaweb.com\/wp-content\/uploads\/2020\/09\/polemica-por-los-impuestos-declarados-y-pagados-por-trump.jpg\"><\/p>\n<div class=\"image\" id=\"image\" readability=\"7\"> <img src=\"http:\/\/hoycordobaweb.com\/wp-content\/uploads\/2020\/09\/polemica-por-los-impuestos-declarados-y-pagados-por-trump-2.jpg\" alt=\"Pol\u00e9mica por los impuestos declarados y pagados por Trump\" title=\"Pol\u00e9mica por los impuestos declarados y pagados por Trump\"><\/p>\n<p>Pol\u00e9mica por los impuestos declarados y pagados por Trump<\/p>\n<\/div>\n<p><strong>Una nueva pol\u00e9mica se gener\u00f3 este domingo en Estados Unidos, despu\u00e9s de que el diario The New York Times afirmara que el presidente Donald Trump no pag\u00f3 impuesto a la renta en 10 de los 15 a\u00f1os anteriores a su acceso al gobierno y el mandatario replicara que se trata de \u201cinformaciones falsas, totalmente inventadas\u201d.<\/strong><\/p>\n<p>El peri\u00f3dico public\u00f3 que Trump apenas abon\u00f3 750 d\u00f3lares en impuestos federales en 2016, a\u00f1o en que gan\u00f3 las elecciones presidenciales, y que \u201cno pag\u00f3 ning\u00fan impuesto sobre la renta en 10 de los 15 a\u00f1os anteriores, en gran parte porque inform\u00f3 m\u00e1s p\u00e9rdidas que ganancias\u201d.<\/p>\n<p>The New York Times asegur\u00f3 que \u201cobtuvo informaci\u00f3n fiscal durante m\u00e1s de 20 a\u00f1os sobre el se\u00f1or Trump y los cientos de empresas que componen su grupo, incluida informaci\u00f3n detallada sobre sus primeros dos a\u00f1os en el cargo\u201d, y prometi\u00f3 para los pr\u00f3ximos d\u00edas nuevas revelaciones sobre la situaci\u00f3n fiscal del mandatario.<\/p>\n<p><strong>\u201cSon informaciones falsas, totalmente inventadas; he pagado mucho y tambi\u00e9n he pagado muchos impuestos sobre la renta al nivel del estado; el estado Nueva York cobra muchos impuestos\u201d, dijo Trump<\/strong> en conferencia de prensa en la Casa Blanca, seg\u00fan la agencia de noticias AFP.<\/p>\n<p>Al diferencia de todos sus antecesores desde la d\u00e9cada de los 70, Trump, que hizo de su fortuna un argumento de campa\u00f1a y cuyo grupo familiar no cotiza en bolsa, se niega a publicar sus declaraciones de impuestos y tiene abierta una batalla legal para evitar que se divulguen. <\/p>\n","protected":false},"excerpt":{"rendered":"<p>Pol\u00e9mica por los impuestos declarados y pagados por Trump Una nueva pol\u00e9mica se gener\u00f3 este domingo en Estados Unidos, despu\u00e9s de que el diario The New York Times afirmara que el presidente Donald Trump no pag\u00f3 impuesto a la renta en 10 de los 15 a\u00f1os anteriores a su acceso al gobierno y el mandatario [&hellip;]<\/p>\n","protected":false},"author":1,"featured_media":2394,"comment_status":"open","ping_status":"closed","sticky":false,"template":"","format":"standard","meta":[],"categories":[24],"tags":[],"_links":{"self":[{"href":"http:\/\/hoycordobaweb.com\/index.php\/wp-json\/wp\/v2\/posts\/2393"}],"collection":[{"href":"http:\/\/hoycordobaweb.com\/index.php\/wp-json\/wp\/v2\/posts"}],"about":[{"href":"http:\/\/hoycordobaweb.com\/index.php\/wp-json\/wp\/v2\/types\/post"}],"author":[{"embeddable":true,"href":"http:\/\/hoycordobaweb.com\/index.php\/wp-json\/wp\/v2\/users\/1"}],"replies":[{"embeddable":true,"href":"http:\/\/hoycordobaweb.com\/index.php\/wp-json\/wp\/v2\/comments?post=2393"}],"version-history":[{"count":0,"href":"http:\/\/hoycordobaweb.com\/index.php\/wp-json\/wp\/v2\/posts\/2393\/revisions"}],"wp:featuredmedia":[{"embeddable":true,"href":"http:\/\/hoycordobaweb.com\/index.php\/wp-json\/wp\/v2\/media\/2394"}],"wp:attachment":[{"href":"http:\/\/hoycordobaweb.com\/index.php\/wp-json\/wp\/v2\/media?parent=2393"}],"wp:term":[{"taxonomy":"category","embeddable":true,"href":"http:\/\/hoycordobaweb.com\/index.php\/wp-json\/wp\/v2\/categories?post=2393"},{"taxonomy":"post_tag","embeddable":true,"href":"http:\/\/hoycordobaweb.com\/index.php\/wp-json\/wp\/v2\/tags?post=2393"}],"curies":[{"name":"wp","href":"https:\/\/api.w.org\/{rel}","templated":true}]}}