{"id":23926,"date":"2021-06-29T12:15:00","date_gmt":"2021-06-29T12:15:00","guid":{"rendered":"https:\/\/fm-comunicar.com.ar\/contenido\/17827\/vuelven-las-actividades-deportivas-municipales-en-los-polis-y-espacios-al-aire-l"},"modified":"2021-06-29T12:15:00","modified_gmt":"2021-06-29T12:15:00","slug":"vuelven-las-actividades-deportivas-en-los-polis-y-espacios-al-aire-libre","status":"publish","type":"post","link":"http:\/\/hoycordobaweb.com\/index.php\/2021\/06\/29\/vuelven-las-actividades-deportivas-en-los-polis-y-espacios-al-aire-libre\/","title":{"rendered":"Vuelven las actividades deportivas en los polis y espacios al aire libre"},"content":{"rendered":"<p>Los municipios de Jes\u00fas Mar\u00eda y Sinsacate dieron a conocer su oferta de actividades que se desarrollar\u00e1n hasta las 19, bajo la modalidad de entrenamiento individual y cumpliendo protocolos.<img src=\"http:\/\/hoycordobaweb.com\/wp-content\/uploads\/2021\/06\/vuelven-las-actividades-deportivas-en-los-polis-y-espacios-al-aire-libre.jpg\"><\/p>\n","protected":false},"excerpt":{"rendered":"<p>Los municipios de Jes\u00fas Mar\u00eda y Sinsacate dieron a conocer su oferta de actividades que se desarrollar\u00e1n hasta las 19, bajo la modalidad de entrenamiento individual y cumpliendo protocolos.<\/p>\n","protected":false},"author":1,"featured_media":23927,"comment_status":"closed","ping_status":"closed","sticky":false,"template":"","format":"standard","meta":[],"categories":[18],"tags":[],"_links":{"self":[{"href":"http:\/\/hoycordobaweb.com\/index.php\/wp-json\/wp\/v2\/posts\/23926"}],"collection":[{"href":"http:\/\/hoycordobaweb.com\/index.php\/wp-json\/wp\/v2\/posts"}],"about":[{"href":"http:\/\/hoycordobaweb.com\/index.php\/wp-json\/wp\/v2\/types\/post"}],"author":[{"embeddable":true,"href":"http:\/\/hoycordobaweb.com\/index.php\/wp-json\/wp\/v2\/users\/1"}],"replies":[{"embeddable":true,"href":"http:\/\/hoycordobaweb.com\/index.php\/wp-json\/wp\/v2\/comments?post=23926"}],"version-history":[{"count":0,"href":"http:\/\/hoycordobaweb.com\/index.php\/wp-json\/wp\/v2\/posts\/23926\/revisions"}],"wp:featuredmedia":[{"embeddable":true,"href":"http:\/\/hoycordobaweb.com\/index.php\/wp-json\/wp\/v2\/media\/23927"}],"wp:attachment":[{"href":"http:\/\/hoycordobaweb.com\/index.php\/wp-json\/wp\/v2\/media?parent=23926"}],"wp:term":[{"taxonomy":"category","embeddable":true,"href":"http:\/\/hoycordobaweb.com\/index.php\/wp-json\/wp\/v2\/categories?post=23926"},{"taxonomy":"post_tag","embeddable":true,"href":"http:\/\/hoycordobaweb.com\/index.php\/wp-json\/wp\/v2\/tags?post=23926"}],"curies":[{"name":"wp","href":"https:\/\/api.w.org\/{rel}","templated":true}]}}