{"id":23859,"date":"2021-06-27T22:37:00","date_gmt":"2021-06-27T22:37:00","guid":{"rendered":"https:\/\/fm-comunicar.com.ar\/contenido\/17819\/en-la-region-se-corto-la-tendencia-de-disminucion-de-casos-semanales"},"modified":"2021-06-27T22:37:00","modified_gmt":"2021-06-27T22:37:00","slug":"en-la-region-se-corto-la-tendencia-de-disminucion-de-casos-semanales","status":"publish","type":"post","link":"http:\/\/hoycordobaweb.com\/index.php\/2021\/06\/27\/en-la-region-se-corto-la-tendencia-de-disminucion-de-casos-semanales\/","title":{"rendered":"En la regi\u00f3n se cort\u00f3 la tendencia de disminuci\u00f3n de casos semanales"},"content":{"rendered":"<p>En la provincia y el Departamento Col\u00f3n se dio una baja en la cantidad de positivos de los \u00faltimos siete d\u00edas, pero en Jes\u00fas Mar\u00eda y Colonia Caroya hubo un leve aumento.<img src=\"http:\/\/hoycordobaweb.com\/wp-content\/uploads\/2021\/06\/en-la-region-se-corto-la-tendencia-de-disminucion-de-casos-semanales.jpg\"><\/p>\n","protected":false},"excerpt":{"rendered":"<p>En la provincia y el Departamento Col\u00f3n se dio una baja en la cantidad de positivos de los \u00faltimos siete d\u00edas, pero en Jes\u00fas Mar\u00eda y Colonia Caroya hubo un leve aumento.<\/p>\n","protected":false},"author":1,"featured_media":23860,"comment_status":"closed","ping_status":"closed","sticky":false,"template":"","format":"standard","meta":[],"categories":[18],"tags":[],"_links":{"self":[{"href":"http:\/\/hoycordobaweb.com\/index.php\/wp-json\/wp\/v2\/posts\/23859"}],"collection":[{"href":"http:\/\/hoycordobaweb.com\/index.php\/wp-json\/wp\/v2\/posts"}],"about":[{"href":"http:\/\/hoycordobaweb.com\/index.php\/wp-json\/wp\/v2\/types\/post"}],"author":[{"embeddable":true,"href":"http:\/\/hoycordobaweb.com\/index.php\/wp-json\/wp\/v2\/users\/1"}],"replies":[{"embeddable":true,"href":"http:\/\/hoycordobaweb.com\/index.php\/wp-json\/wp\/v2\/comments?post=23859"}],"version-history":[{"count":0,"href":"http:\/\/hoycordobaweb.com\/index.php\/wp-json\/wp\/v2\/posts\/23859\/revisions"}],"wp:featuredmedia":[{"embeddable":true,"href":"http:\/\/hoycordobaweb.com\/index.php\/wp-json\/wp\/v2\/media\/23860"}],"wp:attachment":[{"href":"http:\/\/hoycordobaweb.com\/index.php\/wp-json\/wp\/v2\/media?parent=23859"}],"wp:term":[{"taxonomy":"category","embeddable":true,"href":"http:\/\/hoycordobaweb.com\/index.php\/wp-json\/wp\/v2\/categories?post=23859"},{"taxonomy":"post_tag","embeddable":true,"href":"http:\/\/hoycordobaweb.com\/index.php\/wp-json\/wp\/v2\/tags?post=23859"}],"curies":[{"name":"wp","href":"https:\/\/api.w.org\/{rel}","templated":true}]}}