{"id":23798,"date":"2021-06-27T20:48:45","date_gmt":"2021-06-27T20:48:45","guid":{"rendered":"http:\/\/hoycordobaweb.com\/index.php\/2021\/06\/27\/ni-colon-ni-atletico-tucuman-el-pulga-rodriguez-definio-su-futuro-y-sorprendio-al-futbol-argentino\/"},"modified":"2021-06-27T20:48:45","modified_gmt":"2021-06-27T20:48:45","slug":"ni-colon-ni-atletico-tucuman-el-pulga-rodriguez-definio-su-futuro-y-sorprendio-al-futbol-argentino","status":"publish","type":"post","link":"http:\/\/hoycordobaweb.com\/index.php\/2021\/06\/27\/ni-colon-ni-atletico-tucuman-el-pulga-rodriguez-definio-su-futuro-y-sorprendio-al-futbol-argentino\/","title":{"rendered":"Ni Col\u00f3n, ni Atl\u00e9tico Tucum\u00e1n: el Pulga Rodr\u00edguez defini\u00f3 su futuro y sorprendi\u00f3 al <b>f\u00fatbol argentino<\/b>"},"content":{"rendered":"<p>Ni Col\u00f3n, ni Atl\u00e9tico Tucum\u00e1n: el Pulga Rodr\u00edguez defini\u00f3 su futuro y sorprendi\u00f3 al <b>f\u00fatbol argentino<\/b>. No cerr\u00f3 con el Decano, plant\u00f3 al Sabalero y en&nbsp;&#8230; <\/p>\n","protected":false},"excerpt":{"rendered":"<p>Ni Col\u00f3n, ni Atl\u00e9tico Tucum\u00e1n: el Pulga Rodr\u00edguez defini\u00f3 su futuro y sorprendi\u00f3 al f\u00fatbol argentino. No cerr\u00f3 con el Decano, plant\u00f3 al Sabalero y en&nbsp;&#8230;<\/p>\n","protected":false},"author":1,"featured_media":0,"comment_status":"closed","ping_status":"closed","sticky":false,"template":"","format":"standard","meta":[],"categories":[22],"tags":[],"_links":{"self":[{"href":"http:\/\/hoycordobaweb.com\/index.php\/wp-json\/wp\/v2\/posts\/23798"}],"collection":[{"href":"http:\/\/hoycordobaweb.com\/index.php\/wp-json\/wp\/v2\/posts"}],"about":[{"href":"http:\/\/hoycordobaweb.com\/index.php\/wp-json\/wp\/v2\/types\/post"}],"author":[{"embeddable":true,"href":"http:\/\/hoycordobaweb.com\/index.php\/wp-json\/wp\/v2\/users\/1"}],"replies":[{"embeddable":true,"href":"http:\/\/hoycordobaweb.com\/index.php\/wp-json\/wp\/v2\/comments?post=23798"}],"version-history":[{"count":0,"href":"http:\/\/hoycordobaweb.com\/index.php\/wp-json\/wp\/v2\/posts\/23798\/revisions"}],"wp:attachment":[{"href":"http:\/\/hoycordobaweb.com\/index.php\/wp-json\/wp\/v2\/media?parent=23798"}],"wp:term":[{"taxonomy":"category","embeddable":true,"href":"http:\/\/hoycordobaweb.com\/index.php\/wp-json\/wp\/v2\/categories?post=23798"},{"taxonomy":"post_tag","embeddable":true,"href":"http:\/\/hoycordobaweb.com\/index.php\/wp-json\/wp\/v2\/tags?post=23798"}],"curies":[{"name":"wp","href":"https:\/\/api.w.org\/{rel}","templated":true}]}}