{"id":23568,"date":"2021-06-24T15:47:23","date_gmt":"2021-06-24T15:47:23","guid":{"rendered":"http:\/\/fono.fcm.unc.edu.ar\/?p=6345"},"modified":"2021-06-24T15:47:23","modified_gmt":"2021-06-24T15:47:23","slug":"examenes-del-mes-de-julio","status":"publish","type":"post","link":"http:\/\/hoycordobaweb.com\/index.php\/2021\/06\/24\/examenes-del-mes-de-julio\/","title":{"rendered":"Ex\u00e1menes del mes de julio"},"content":{"rendered":"<h2 class=\"fusion-post-title\">Ex\u00e1menes del mes de julio<\/h2>\n<div class=\"post-content\" readability=\"34\">\n<p><img loading=\"lazy\" class=\"alignright wp-image-6346 size-fusion-400\" src=\"https:\/\/fono.fcm.unc.edu.ar\/wp-content\/uploads\/sites\/14\/2021\/06\/WhatsApp-Image-2021-06-24-at-11.20.48-400x284.jpeg\" alt width=\"400\" height=\"284\" srcset=\"https:\/\/fono.fcm.unc.edu.ar\/wp-content\/uploads\/sites\/14\/2021\/06\/WhatsApp-Image-2021-06-24-at-11.20.48-200x142.jpeg 200w, https:\/\/fono.fcm.unc.edu.ar\/wp-content\/uploads\/sites\/14\/2021\/06\/WhatsApp-Image-2021-06-24-at-11.20.48-300x214.jpeg 300w, https:\/\/fono.fcm.unc.edu.ar\/wp-content\/uploads\/sites\/14\/2021\/06\/WhatsApp-Image-2021-06-24-at-11.20.48-400x284.jpeg 400w, https:\/\/fono.fcm.unc.edu.ar\/wp-content\/uploads\/sites\/14\/2021\/06\/WhatsApp-Image-2021-06-24-at-11.20.48-600x426.jpeg 600w, https:\/\/fono.fcm.unc.edu.ar\/wp-content\/uploads\/sites\/14\/2021\/06\/WhatsApp-Image-2021-06-24-at-11.20.48-768x545.jpeg 768w, https:\/\/fono.fcm.unc.edu.ar\/wp-content\/uploads\/sites\/14\/2021\/06\/WhatsApp-Image-2021-06-24-at-11.20.48-800x568.jpeg 800w, https:\/\/fono.fcm.unc.edu.ar\/wp-content\/uploads\/sites\/14\/2021\/06\/WhatsApp-Image-2021-06-24-at-11.20.48-1024x726.jpeg 1024w, https:\/\/fono.fcm.unc.edu.ar\/wp-content\/uploads\/sites\/14\/2021\/06\/WhatsApp-Image-2021-06-24-at-11.20.48-1200x851.jpeg 1200w, https:\/\/fono.fcm.unc.edu.ar\/wp-content\/uploads\/sites\/14\/2021\/06\/WhatsApp-Image-2021-06-24-at-11.20.48.jpeg 1280w\" sizes=\"(max-width: 400px) 100vw, 400px\"><strong>\u00a1Atenci\u00f3n estudiantes! <\/strong><\/p>\n<p>Ya se encuentran disponibles en Guaran\u00ed las fechas de ex\u00e1menes de julio. De manera que puedan organizar su agenda teniendo en cuenta que las inscripciones a las distintas mesas se cierran 7 d\u00edas antes de la fecha del examen.<\/p>\n<\/p><\/div>\n","protected":false},"excerpt":{"rendered":"<p>Ex\u00e1menes del mes de julio \u00a1Atenci\u00f3n estudiantes! Ya se encuentran disponibles en Guaran\u00ed las fechas de ex\u00e1menes de julio. De manera que puedan organizar su agenda teniendo en cuenta que las inscripciones a las distintas mesas se cierran 7 d\u00edas antes de la fecha del examen.<\/p>\n","protected":false},"author":1,"featured_media":0,"comment_status":"closed","ping_status":"closed","sticky":false,"template":"","format":"standard","meta":[],"categories":[1],"tags":[],"_links":{"self":[{"href":"http:\/\/hoycordobaweb.com\/index.php\/wp-json\/wp\/v2\/posts\/23568"}],"collection":[{"href":"http:\/\/hoycordobaweb.com\/index.php\/wp-json\/wp\/v2\/posts"}],"about":[{"href":"http:\/\/hoycordobaweb.com\/index.php\/wp-json\/wp\/v2\/types\/post"}],"author":[{"embeddable":true,"href":"http:\/\/hoycordobaweb.com\/index.php\/wp-json\/wp\/v2\/users\/1"}],"replies":[{"embeddable":true,"href":"http:\/\/hoycordobaweb.com\/index.php\/wp-json\/wp\/v2\/comments?post=23568"}],"version-history":[{"count":0,"href":"http:\/\/hoycordobaweb.com\/index.php\/wp-json\/wp\/v2\/posts\/23568\/revisions"}],"wp:attachment":[{"href":"http:\/\/hoycordobaweb.com\/index.php\/wp-json\/wp\/v2\/media?parent=23568"}],"wp:term":[{"taxonomy":"category","embeddable":true,"href":"http:\/\/hoycordobaweb.com\/index.php\/wp-json\/wp\/v2\/categories?post=23568"},{"taxonomy":"post_tag","embeddable":true,"href":"http:\/\/hoycordobaweb.com\/index.php\/wp-json\/wp\/v2\/tags?post=23568"}],"curies":[{"name":"wp","href":"https:\/\/api.w.org\/{rel}","templated":true}]}}