{"id":23472,"date":"2021-06-22T15:44:36","date_gmt":"2021-06-22T15:44:36","guid":{"rendered":"https:\/\/www.mujerhoy.com\/moda\/no-te-pierdas\/traje-chaqueta-pantalon-made-in-spain-look-elegante-ponible-ana-boyer-20210622125650-nt.html"},"modified":"2021-06-22T15:44:36","modified_gmt":"2021-06-22T15:44:36","slug":"este-traje-de-chaqueta-made-in-spain-de-ana-boyer-es-el-mas-elegante-y-podras-usarlo-durante-todo-el-ano","status":"publish","type":"post","link":"http:\/\/hoycordobaweb.com\/index.php\/2021\/06\/22\/este-traje-de-chaqueta-made-in-spain-de-ana-boyer-es-el-mas-elegante-y-podras-usarlo-durante-todo-el-ano\/","title":{"rendered":"Este traje de chaqueta &#8216;made in Spain&#8217; de Ana Boyer es el m\u00e1s elegante y podr\u00e1s usarlo durante todo el a\u00f1o"},"content":{"rendered":"<p><!-- AUTHOR --><!-- COMPONENTS --><\/p>\n<p class=\"voc-paragraph\"><strong>Ana Boyer <\/strong>demuestra d\u00eda tras d\u00eda a trav\u00e9s de su perfil de Instagram que lo del <strong>estilo y el buen gusto <\/strong>no es solo algo que haya heredado solo Tamara Falc\u00f3 de su madre. Ella tambi\u00e9n sabe c\u00f3mo<br \/>\n<strong> acertar de lleno con sus looks<\/strong> y nos encanta algunos de los truquitos que hemos aprendido con las fotos que publica en sus redes. ejemplo de ello es <a data-voc-vtm-id=\"in-text-traffic\" href=\"https:\/\/www.mujerhoy.com\/moda\/no-te-pierdas\/202105\/11\/falda-midi-punto-zara-mango-estiliza-ana-boyer-look-primavera-conjunto-barato-comodo-arrasa-instagram-20210511115230.html\">esta falda midi muy c\u00f3moda fue todo un \u00e9xito<\/a>. Sin embargo, Ana ha dejado claro que su mayor apuesta a la hora de vestir son las prendas &#8216;made in Spain&#8217;. Hace unos d\u00edas, arrasaba con <a data-voc-vtm-id=\"in-text-traffic\" href=\"https:\/\/www.mujerhoy.com\/moda\/no-te-pierdas\/202104\/27\/vestido-lino-sostenible-made-in-spain-ana-boyer-arrasa-instagram-look-primavera-barato-facil-ponible-favorecedor-20210427001953.html\">este vestido de lino<\/a> y ahora con <strong>un traje de chaqueta y pantal\u00f3n<\/strong> de lo m\u00e1s elegante.\n<\/p>\n<p class=\"voc-paragraph\">Ana ha publicado un par de fotograf\u00edas en su perfil social en las que luce un look que ha gustado much\u00edsimo a sus seguidores y que ha provocado un sinf\u00edn de comentarios positivos. Se trata de un estilismo formado por un <strong>conjunto sastre de chaqueta y pantal\u00f3n <\/strong>que tiene firma &#8216;made in Spain&#8217; y con el que ha demostrado que un traje es una opci\u00f3n perfecta tanto para <strong>llevar como look de invitada<\/strong>, como para ir a la oficina o como look casual.\n<\/p>\n<p class=\"voc-paragraph\">Se trata de un<br \/>\n<strong> look de Bleis Madrid<\/strong>, una marca espa\u00f1ola que nace del deseo personal por recuperar la calidad de la sastrer\u00eda femenina acabada a mano, con especial atenci\u00f3n en cada detalle para reinventarla y hacerla \u00fanica. Ana lleva en concreto un <strong>dise\u00f1o cruzado y fabricado en crepe en color azul oscuro <\/strong>que tiene doble abotonadura y cuello smoking.\n<\/p>\n<div class=\"voc-detail__cmp\">\n<div class=\"voc-article-container\">\n<article class=\"voc-article voc-article--cmp-photo-text\">\n<div class=\"voc-img-container\"><picture>\n<div class=\"voc-horizontal voc-img-icon-link\"><img class=\"lazy\" loading=\"lazy\" data-original=\"\/\/static1.mujerhoy.com\/www\/multimedia\/202106\/22\/media\/cortadas\/bleis-madrid-blazers-azul-mujer-kPUF--624x624@MujerHoy.jpg\" alt><\/div>\n<\/picture><\/div>\n<\/article>\n<\/div>\n<\/div>\n<p class=\"voc-paragraph\">Una blazer ideal que puedes <strong>combinar con vaqueros, pantalones blancos<\/strong> o en forma de traje, opci\u00f3n que ha escogido Ana. La hija de Isabel Preysler opt\u00f3 por el conjunto completo y a\u00f1adi\u00f3 al look unos pantalones sastre de corte recto a juego. \u00bfLa mala noticia? Que la blazer, que cuesta <strong>375 euros<\/strong>, est\u00e1 completamente <strong>agotada <\/strong>en la web de la firma. El pantal\u00f3n por su parte, que cuesta <strong>225 euros<\/strong>, s\u00ed que puedes hacerte con \u00e9l en las cuatro tallas que fabrican: XS, S, M y L.\n<\/p>\n<div class=\"voc-detail__cmp\">\n<div class=\"voc-article-container\">\n<article class=\"voc-article voc-article--cmp-photo-text\">\n<div class=\"voc-img-container\"><picture>\n<div class=\"voc-horizontal voc-img-icon-link\"><img class=\"lazy\" loading=\"lazy\" data-original=\"\/\/static1.mujerhoy.com\/www\/multimedia\/202106\/22\/media\/cortadas\/bleis-madrid-pantalones-traje-azules-kPUF--624x624@MujerHoy.jpg\" alt><\/div>\n<\/picture><\/div>\n<\/article>\n<\/div>\n<\/div>\n<div class=\"voc-detail__cmp voc-detail__cmp--pad-lr voc-detail__cmp--pad-lr--bdr\">\n<div class=\"voc-ficha-detail__wrapper\">\n<section class=\"voc-ficha-detail\">\n<h4 class=\"voc-ficha-detail-title voc-title-section\">Te recomendamos<\/h4>\n<\/section>\n<\/div>\n<\/div>\n<p class=\"voc-paragraph\">Ana Boyer llev\u00f3 la chaqueta cerrada y sin nada debajo y complet\u00f3 el outfit con un <strong>bolso de Loewe<\/strong>. No sabemos que zapatos escogi\u00f3, pero lo cierto es que es un look que permite a\u00f1adirle unas<br \/>\n<strong> zapatillas blancas<\/strong> para el d\u00eda a d\u00eda o una <strong>sandalia de tac\u00f3n<\/strong> si prefieres usarlo para un evento como look de invitada. \u00bfEl resultado? Un <strong>estilismo elegante y sofisticad<\/strong>o con el que siempre se acierta. \u00a1Nos encanta!\n<\/p>\n<p><!-- TOPICS --><\/p>\n","protected":false},"excerpt":{"rendered":"<p>Ana Boyer demuestra d\u00eda tras d\u00eda a trav\u00e9s de su perfil de Instagram que lo del estilo y el buen gusto no es solo algo que haya heredado solo Tamara Falc\u00f3 de su madre. Ella tambi\u00e9n sabe c\u00f3mo acertar de lleno con sus looks y nos encanta algunos de los truquitos que hemos aprendido con [&hellip;]<\/p>\n","protected":false},"author":1,"featured_media":23473,"comment_status":"closed","ping_status":"closed","sticky":false,"template":"","format":"standard","meta":[],"categories":[1],"tags":[],"_links":{"self":[{"href":"http:\/\/hoycordobaweb.com\/index.php\/wp-json\/wp\/v2\/posts\/23472"}],"collection":[{"href":"http:\/\/hoycordobaweb.com\/index.php\/wp-json\/wp\/v2\/posts"}],"about":[{"href":"http:\/\/hoycordobaweb.com\/index.php\/wp-json\/wp\/v2\/types\/post"}],"author":[{"embeddable":true,"href":"http:\/\/hoycordobaweb.com\/index.php\/wp-json\/wp\/v2\/users\/1"}],"replies":[{"embeddable":true,"href":"http:\/\/hoycordobaweb.com\/index.php\/wp-json\/wp\/v2\/comments?post=23472"}],"version-history":[{"count":0,"href":"http:\/\/hoycordobaweb.com\/index.php\/wp-json\/wp\/v2\/posts\/23472\/revisions"}],"wp:featuredmedia":[{"embeddable":true,"href":"http:\/\/hoycordobaweb.com\/index.php\/wp-json\/wp\/v2\/media\/23473"}],"wp:attachment":[{"href":"http:\/\/hoycordobaweb.com\/index.php\/wp-json\/wp\/v2\/media?parent=23472"}],"wp:term":[{"taxonomy":"category","embeddable":true,"href":"http:\/\/hoycordobaweb.com\/index.php\/wp-json\/wp\/v2\/categories?post=23472"},{"taxonomy":"post_tag","embeddable":true,"href":"http:\/\/hoycordobaweb.com\/index.php\/wp-json\/wp\/v2\/tags?post=23472"}],"curies":[{"name":"wp","href":"https:\/\/api.w.org\/{rel}","templated":true}]}}