{"id":23439,"date":"2021-06-22T20:41:00","date_gmt":"2021-06-22T20:41:00","guid":{"rendered":"http:\/\/hoycordobaweb.com\/index.php\/2021\/06\/22\/merkel-recibio-una-segunda-dosis-de-moderna-tras-una-primera-de-astrazeneca\/"},"modified":"2021-06-22T20:41:00","modified_gmt":"2021-06-22T20:41:00","slug":"merkel-recibio-una-segunda-dosis-de-moderna-tras-una-primera-de-astrazeneca","status":"publish","type":"post","link":"http:\/\/hoycordobaweb.com\/index.php\/2021\/06\/22\/merkel-recibio-una-segunda-dosis-de-moderna-tras-una-primera-de-astrazeneca\/","title":{"rendered":"Merkel recibi\u00f3 una segunda dosis de Moderna tras una primera de AstraZeneca"},"content":{"rendered":"<p><img src=\"http:\/\/hoycordobaweb.com\/wp-content\/uploads\/2021\/06\/merkel-recibio-una-segunda-dosis-de-moderna-tras-una-primera-de-astrazeneca.jpg\"><\/p>\n<div class=\"image\" id=\"image\" readability=\"9\"> <img src=\"http:\/\/hoycordobaweb.com\/wp-content\/uploads\/2021\/06\/merkel-recibio-una-segunda-dosis-de-moderna-tras-una-primera-de-astrazeneca-2.jpg\" alt=\"Merkel, de 66 a\u00f1os, recibi\u00f3 &quot;recientemente&quot; una segunda dosis de vacuna del coronavirus.\" title=\"Merkel, de 66 a\u00f1os, recibi\u00f3 &quot;recientemente&quot; una segunda dosis de vacuna del coronavirus.\"><\/p>\n<p>Merkel, de 66 a\u00f1os, recibi\u00f3 \u00abrecientemente\u00bb una segunda dosis de vacuna del coronavirus.<\/p>\n<\/div>\n<p>La jefa de Gobierno alemana, la canciller Angela Merkel, recibi\u00f3 una segunda dosis de vacuna anticovid de Moderna, tras una primera de AstraZeneca, inform\u00f3 un vocero.<\/p>\n<p>\u00abS\u00ed, confirmamos\u00bb que <strong>Merkel, de 66 a\u00f1os, recibi\u00f3 \u00abrecientemente\u00bb una segunda dosis de vacuna del coronavirus<\/strong>, del laboratorio estadounidense Moderna, dijo el vocero, inform\u00f3 la agencia de noticias AFP.<\/p>\n<p>Merkel recibi\u00f3 una primera dosis el 16 de abril pasado de la vacuna del laboratorio anglosueco AstraZeneca, pero desde entonces su uso fue suspendido durante un tiempo en Alemania luego de que se asociara a varios casos de trombosis en Europa.<\/p>\n<p>El uso de la vacuna de AstraZeneca, que ya han recibido varios dirigentes alemanes, entre ellos el presidente de la Rep\u00fablica, Frank-Walter Steinmeier, se reserva ahora en el pa\u00eds a las personas mayores de 60 a\u00f1os.<\/p>\n<div class=\"image\" id=\"image\" readability=\"13\"> <img src=\"http:\/\/hoycordobaweb.com\/wp-content\/uploads\/2021\/06\/merkel-recibio-una-segunda-dosis-de-moderna-tras-una-primera-de-astrazeneca-3.jpg\" alt=\"El uso de la vacuna de AstraZeneca, que ya han recibido varios dirigentes alemanes, entre ellos el presidente de la Rep\u00fablica, Frank-Walter Steinmeier, se reserva ahora en el pa\u00eds a las personas mayores de 60 a\u00f1os.\" title=\"El uso de la vacuna de AstraZeneca, que ya han recibido varios dirigentes alemanes, entre ellos el presidente de la Rep\u00fablica, Frank-Walter Steinmeier, se reserva ahora en el pa\u00eds a las personas mayores de 60 a\u00f1os.\"><\/p>\n<p>El uso de la vacuna de AstraZeneca, que ya han recibido varios dirigentes alemanes, entre ellos el presidente de la Rep\u00fablica, Frank-Walter Steinmeier, se reserva ahora en el pa\u00eds a las personas mayores de 60 a\u00f1os.<\/p>\n<\/div>\n<p>Varios pa\u00edses, entre ellos Alemania, han decidido aplicar como segunda dosis una vacuna de ARN mensajero, como la de Moderna, en lo que se llama un<strong> \u00abesquema de vacunaci\u00f3n mixto\u00bb<\/strong>, tras una inyecci\u00f3n de AstraZeneca, que usa la t\u00e9cnica del adenovirus.<\/p>\n<p>M\u00e1s de la mitad (51,2%) de la poblaci\u00f3n alemana, es decir <strong>42,5 millones de personas, han recibido al menos una dosis<\/strong> de la vacuna y 26,3 millones (31,6%) est\u00e1n totalmente vacunados, seg\u00fan cifras actualizadas por el Gobierno. <\/p>\n","protected":false},"excerpt":{"rendered":"<p>Merkel, de 66 a\u00f1os, recibi\u00f3 \u00abrecientemente\u00bb una segunda dosis de vacuna del coronavirus. La jefa de Gobierno alemana, la canciller Angela Merkel, recibi\u00f3 una segunda dosis de vacuna anticovid de Moderna, tras una primera de AstraZeneca, inform\u00f3 un vocero. \u00abS\u00ed, confirmamos\u00bb que Merkel, de 66 a\u00f1os, recibi\u00f3 \u00abrecientemente\u00bb una segunda dosis de vacuna del coronavirus, [&hellip;]<\/p>\n","protected":false},"author":1,"featured_media":23440,"comment_status":"open","ping_status":"closed","sticky":false,"template":"","format":"standard","meta":[],"categories":[24],"tags":[],"_links":{"self":[{"href":"http:\/\/hoycordobaweb.com\/index.php\/wp-json\/wp\/v2\/posts\/23439"}],"collection":[{"href":"http:\/\/hoycordobaweb.com\/index.php\/wp-json\/wp\/v2\/posts"}],"about":[{"href":"http:\/\/hoycordobaweb.com\/index.php\/wp-json\/wp\/v2\/types\/post"}],"author":[{"embeddable":true,"href":"http:\/\/hoycordobaweb.com\/index.php\/wp-json\/wp\/v2\/users\/1"}],"replies":[{"embeddable":true,"href":"http:\/\/hoycordobaweb.com\/index.php\/wp-json\/wp\/v2\/comments?post=23439"}],"version-history":[{"count":0,"href":"http:\/\/hoycordobaweb.com\/index.php\/wp-json\/wp\/v2\/posts\/23439\/revisions"}],"wp:featuredmedia":[{"embeddable":true,"href":"http:\/\/hoycordobaweb.com\/index.php\/wp-json\/wp\/v2\/media\/23440"}],"wp:attachment":[{"href":"http:\/\/hoycordobaweb.com\/index.php\/wp-json\/wp\/v2\/media?parent=23439"}],"wp:term":[{"taxonomy":"category","embeddable":true,"href":"http:\/\/hoycordobaweb.com\/index.php\/wp-json\/wp\/v2\/categories?post=23439"},{"taxonomy":"post_tag","embeddable":true,"href":"http:\/\/hoycordobaweb.com\/index.php\/wp-json\/wp\/v2\/tags?post=23439"}],"curies":[{"name":"wp","href":"https:\/\/api.w.org\/{rel}","templated":true}]}}