{"id":23356,"date":"2021-06-21T20:03:45","date_gmt":"2021-06-21T20:03:45","guid":{"rendered":"http:\/\/hoycordobaweb.com\/index.php\/2021\/06\/21\/manana-por-primera-vez-un-22-de-junio-se-celebrara-el-dia-del-futbolista-argentino\/"},"modified":"2021-06-21T20:03:45","modified_gmt":"2021-06-21T20:03:45","slug":"manana-por-primera-vez-un-22-de-junio-se-celebrara-el-dia-del-futbolista-argentino","status":"publish","type":"post","link":"http:\/\/hoycordobaweb.com\/index.php\/2021\/06\/21\/manana-por-primera-vez-un-22-de-junio-se-celebrara-el-dia-del-futbolista-argentino\/","title":{"rendered":"Ma\u00f1ana, por primera vez un 22 de junio, se celebrar\u00e1 el D\u00eda del Futbolista <b>Argentino<\/b>"},"content":{"rendered":"<p>\u201cUn gol memorable resplandece en el firmamento del <b>f\u00fatbol argentino<\/b>. Un 22 de junio de 1986, en oportunidad de disputarse los cuartos de final de la&nbsp;&#8230; <\/p>\n","protected":false},"excerpt":{"rendered":"<p>\u201cUn gol memorable resplandece en el firmamento del f\u00fatbol argentino. Un 22 de junio de 1986, en oportunidad de disputarse los cuartos de final de la&nbsp;&#8230;<\/p>\n","protected":false},"author":1,"featured_media":0,"comment_status":"closed","ping_status":"closed","sticky":false,"template":"","format":"standard","meta":[],"categories":[22],"tags":[],"_links":{"self":[{"href":"http:\/\/hoycordobaweb.com\/index.php\/wp-json\/wp\/v2\/posts\/23356"}],"collection":[{"href":"http:\/\/hoycordobaweb.com\/index.php\/wp-json\/wp\/v2\/posts"}],"about":[{"href":"http:\/\/hoycordobaweb.com\/index.php\/wp-json\/wp\/v2\/types\/post"}],"author":[{"embeddable":true,"href":"http:\/\/hoycordobaweb.com\/index.php\/wp-json\/wp\/v2\/users\/1"}],"replies":[{"embeddable":true,"href":"http:\/\/hoycordobaweb.com\/index.php\/wp-json\/wp\/v2\/comments?post=23356"}],"version-history":[{"count":0,"href":"http:\/\/hoycordobaweb.com\/index.php\/wp-json\/wp\/v2\/posts\/23356\/revisions"}],"wp:attachment":[{"href":"http:\/\/hoycordobaweb.com\/index.php\/wp-json\/wp\/v2\/media?parent=23356"}],"wp:term":[{"taxonomy":"category","embeddable":true,"href":"http:\/\/hoycordobaweb.com\/index.php\/wp-json\/wp\/v2\/categories?post=23356"},{"taxonomy":"post_tag","embeddable":true,"href":"http:\/\/hoycordobaweb.com\/index.php\/wp-json\/wp\/v2\/tags?post=23356"}],"curies":[{"name":"wp","href":"https:\/\/api.w.org\/{rel}","templated":true}]}}