{"id":23263,"date":"2021-06-19T21:20:51","date_gmt":"2021-06-19T21:20:51","guid":{"rendered":"http:\/\/fono.fcm.unc.edu.ar\/?p=6327"},"modified":"2021-06-19T21:20:51","modified_gmt":"2021-06-19T21:20:51","slug":"felices-408-anos-unc","status":"publish","type":"post","link":"http:\/\/hoycordobaweb.com\/index.php\/2021\/06\/19\/felices-408-anos-unc\/","title":{"rendered":"\u00a1Felices 408 a\u00f1os UNC!"},"content":{"rendered":"<h2 class=\"fusion-post-title\">\u00a1Felices 408 a\u00f1os UNC!<\/h2>\n<div class=\"post-content\" readability=\"46\">\n<p><img loading=\"lazy\" class=\"alignright wp-image-6328 size-fusion-400\" src=\"https:\/\/fono.fcm.unc.edu.ar\/wp-content\/uploads\/sites\/14\/2021\/06\/20210619_181631-400x400.jpg\" alt width=\"400\" height=\"400\" srcset=\"https:\/\/fono.fcm.unc.edu.ar\/wp-content\/uploads\/sites\/14\/2021\/06\/20210619_181631-66x66.jpg 66w, https:\/\/fono.fcm.unc.edu.ar\/wp-content\/uploads\/sites\/14\/2021\/06\/20210619_181631-150x150.jpg 150w, https:\/\/fono.fcm.unc.edu.ar\/wp-content\/uploads\/sites\/14\/2021\/06\/20210619_181631-200x200.jpg 200w, https:\/\/fono.fcm.unc.edu.ar\/wp-content\/uploads\/sites\/14\/2021\/06\/20210619_181631-300x300.jpg 300w, https:\/\/fono.fcm.unc.edu.ar\/wp-content\/uploads\/sites\/14\/2021\/06\/20210619_181631-400x400.jpg 400w, https:\/\/fono.fcm.unc.edu.ar\/wp-content\/uploads\/sites\/14\/2021\/06\/20210619_181631-600x600.jpg 600w, https:\/\/fono.fcm.unc.edu.ar\/wp-content\/uploads\/sites\/14\/2021\/06\/20210619_181631-768x768.jpg 768w, https:\/\/fono.fcm.unc.edu.ar\/wp-content\/uploads\/sites\/14\/2021\/06\/20210619_181631-800x800.jpg 800w, https:\/\/fono.fcm.unc.edu.ar\/wp-content\/uploads\/sites\/14\/2021\/06\/20210619_181631-1024x1024.jpg 1024w, https:\/\/fono.fcm.unc.edu.ar\/wp-content\/uploads\/sites\/14\/2021\/06\/20210619_181631.jpg 1076w\" sizes=\"(max-width: 400px) 100vw, 400px\">El 19 de junio de 1613 se fundaba la casa de estudios mas antigua del pa\u00eds, de la mano de los jesuitas que dictaban Filosof\u00eda y Teolog\u00eda.<\/p>\n<p>Es la casa de estudios m\u00e1s antigua de la Argentina y recibe el apodo de \u201cLa Docta\u201d en C\u00f3rdoba, debido a que fue la \u00fanica universidad del pa\u00eds durante m\u00e1s de dos siglos.<\/p>\n<p>Hoy la Universidad Nacional de C\u00f3rdoba (UNC) celebra sus 408 a\u00f1os de historia.<\/p>\n<p>De la mano de los jesuitas y el impuso del Obispo Juan Fernando de Trejo y Sanabria, en 1613 se abri\u00f3 el Colegio M\u00e1ximo y comenz\u00f3 a dictar clases de Filosof\u00eda y Teolog\u00eda. As\u00ed, la casa de estudios mas antigua del pa\u00eds daba sus primeros grandes pasos.<\/p>\n<\/p><\/div>\n","protected":false},"excerpt":{"rendered":"<p>\u00a1Felices 408 a\u00f1os UNC! El 19 de junio de 1613 se fundaba la casa de estudios mas antigua del pa\u00eds, de la mano de los jesuitas que dictaban Filosof\u00eda y Teolog\u00eda. Es la casa de estudios m\u00e1s antigua de la Argentina y recibe el apodo de \u201cLa Docta\u201d en C\u00f3rdoba, debido a que fue la [&hellip;]<\/p>\n","protected":false},"author":1,"featured_media":0,"comment_status":"closed","ping_status":"closed","sticky":false,"template":"","format":"standard","meta":[],"categories":[1],"tags":[],"_links":{"self":[{"href":"http:\/\/hoycordobaweb.com\/index.php\/wp-json\/wp\/v2\/posts\/23263"}],"collection":[{"href":"http:\/\/hoycordobaweb.com\/index.php\/wp-json\/wp\/v2\/posts"}],"about":[{"href":"http:\/\/hoycordobaweb.com\/index.php\/wp-json\/wp\/v2\/types\/post"}],"author":[{"embeddable":true,"href":"http:\/\/hoycordobaweb.com\/index.php\/wp-json\/wp\/v2\/users\/1"}],"replies":[{"embeddable":true,"href":"http:\/\/hoycordobaweb.com\/index.php\/wp-json\/wp\/v2\/comments?post=23263"}],"version-history":[{"count":0,"href":"http:\/\/hoycordobaweb.com\/index.php\/wp-json\/wp\/v2\/posts\/23263\/revisions"}],"wp:attachment":[{"href":"http:\/\/hoycordobaweb.com\/index.php\/wp-json\/wp\/v2\/media?parent=23263"}],"wp:term":[{"taxonomy":"category","embeddable":true,"href":"http:\/\/hoycordobaweb.com\/index.php\/wp-json\/wp\/v2\/categories?post=23263"},{"taxonomy":"post_tag","embeddable":true,"href":"http:\/\/hoycordobaweb.com\/index.php\/wp-json\/wp\/v2\/tags?post=23263"}],"curies":[{"name":"wp","href":"https:\/\/api.w.org\/{rel}","templated":true}]}}