{"id":23194,"date":"2021-06-19T20:29:00","date_gmt":"2021-06-19T20:29:00","guid":{"rendered":"http:\/\/hoycordobaweb.com\/index.php\/2021\/06\/19\/espana-promete-vacunar-a-adolescentes-antes-del-inicio-escolar\/"},"modified":"2021-06-19T20:29:00","modified_gmt":"2021-06-19T20:29:00","slug":"espana-promete-vacunar-a-adolescentes-antes-del-inicio-escolar","status":"publish","type":"post","link":"http:\/\/hoycordobaweb.com\/index.php\/2021\/06\/19\/espana-promete-vacunar-a-adolescentes-antes-del-inicio-escolar\/","title":{"rendered":"Espa\u00f1a promete vacunar a adolescentes antes del inicio escolar"},"content":{"rendered":"<p><img src=\"http:\/\/hoycordobaweb.com\/wp-content\/uploads\/2021\/06\/espana-promete-vacunar-a-adolescentes-antes-del-inicio-escolar.jpg\"><\/p>\n<div class=\"image\" id=\"image\" readability=\"8\"> <img src=\"http:\/\/hoycordobaweb.com\/wp-content\/uploads\/2021\/06\/espana-promete-vacunar-a-adolescentes-antes-del-inicio-escolar-2.jpg\" alt=\"Espa\u00f1a empezar\u00e1 a vacunar a adolescentes dos semanas antes del inicio del a\u00f1o escolar en septiembre .\" title=\"Espa\u00f1a empezar\u00e1 a vacunar a adolescentes dos semanas antes del inicio del a\u00f1o escolar en septiembre .\"><\/p>\n<p>Espa\u00f1a empezar\u00e1 a vacunar a adolescentes dos semanas antes del inicio del a\u00f1o escolar en septiembre .<\/p>\n<\/div>\n<p>El jefe del Gobierno espa\u00f1ol, Pedro S\u00e1nchez, prometi\u00f3 que empezar\u00e1 a vacunar a adolescentes dos semanas antes del inicio del a\u00f1o escolar en septiembre pr\u00f3ximo, una vez que la Agencia Europea del Medicamento (EMA), el ente regular del bloque regional, apruebe los inoculantes que tienen disponibles para menores de edad.<\/p>\n<p><strong>En un acto oficial en el que agradeci\u00f3 a los trabajadores de la educaci\u00f3n por su esfuerzo durante la pandemia<\/strong>, S\u00e1nchez destac\u00f3 que Espa\u00f1a fue uno de los \u00abcontados pa\u00edses que ha mantenido sus centros escolares abiertos a lo largo del curso\u00bb, con \u00abun 99,8 % de las aulas abiertas\u00bb, seg\u00fan public\u00f3 El Diario.es.<\/p>\n<p><strong><a href=\"https:\/\/www.telam.com.ar\/notas\/202106\/558275-sanchez-se-vacuno-contra-el-coronavirus-y-pidio-a-los-espanoles-seguir-inoculandose.html\" target=\"_blank\" rel=\"noopener noreferrer\">S\u00e1nchez, quien se inocul\u00f3 con la primera dosis este viernes<\/a> en un hospital p\u00fablico<\/strong>, celebr\u00f3 que con la campa\u00f1a de vacunaci\u00f3n se logr\u00f3 reducir el n\u00famero de contagios y muertes, y record\u00f3 que <strong>el pr\u00f3ximo s\u00e1bado se termina el uso obligatorio de tapabocas en espacios abiertos en todo el pa\u00eds,<\/strong> como sucedi\u00f3 en las \u00faltimas horas en la vecina Francia.<\/p>\n<p>En Espa\u00f1a, la inmunizaci\u00f3n se est\u00e1 haciendo por grupos de edad de mayor a menor. No obstante, son numerosas las regiones que est\u00e1n vacunando a ciudadanos m\u00e1s j\u00f3venes que S\u00e1nchez e incluso algunas comenzaron ya con los menores de 40 a\u00f1os.<\/p>\n<p>Campa\u00f1a de vacunaci\u00f3n<\/p>\n<p><strong>El pa\u00eds registra m\u00e1s de 22,3 millones inyectados con la primera dosis, lo que representa m\u00e1s del 47% de la poblaci\u00f3n y m\u00e1s de 13 millones ya est\u00e1n completamente inoculados, esto es, m\u00e1s del 29%.<\/strong><\/p>\n<p>A su vez, <strong>suma m\u00e1s de 3,76 millones de contagios y m\u00e1s de 80.000 muertes.<\/strong><\/p>\n<p>Hasta ahora, l<strong>a Comisi\u00f3n de Salud P\u00fablica no especifica con qu\u00e9 vacunas se inocular\u00e1 a las personas de 12 a 39 a\u00f1os.<\/strong><\/p>\n<p><strong>De 12 a 18 a\u00f1os solo est\u00e1 aprobada Pfizer\/BioNTech en la Uni\u00f3n Europea<\/strong>, mientras que <strong>de 18 a 39 se puede utilizar esa, Moderna, y Janssen\/Johnson&amp;Johnson.<\/strong><\/p>\n<p>Por el momento, de las autorizadas por el EMA, la \u00fanica vacuna que no es utilizada para los grupos m\u00e1s j\u00f3venes es la de AstraZeneca\/Oxford, debido a la detecci\u00f3n en pocos casos de efectos adversos. <\/p>\n","protected":false},"excerpt":{"rendered":"<p>Espa\u00f1a empezar\u00e1 a vacunar a adolescentes dos semanas antes del inicio del a\u00f1o escolar en septiembre . El jefe del Gobierno espa\u00f1ol, Pedro S\u00e1nchez, prometi\u00f3 que empezar\u00e1 a vacunar a adolescentes dos semanas antes del inicio del a\u00f1o escolar en septiembre pr\u00f3ximo, una vez que la Agencia Europea del Medicamento (EMA), el ente regular del [&hellip;]<\/p>\n","protected":false},"author":1,"featured_media":23195,"comment_status":"open","ping_status":"closed","sticky":false,"template":"","format":"standard","meta":[],"categories":[24],"tags":[],"_links":{"self":[{"href":"http:\/\/hoycordobaweb.com\/index.php\/wp-json\/wp\/v2\/posts\/23194"}],"collection":[{"href":"http:\/\/hoycordobaweb.com\/index.php\/wp-json\/wp\/v2\/posts"}],"about":[{"href":"http:\/\/hoycordobaweb.com\/index.php\/wp-json\/wp\/v2\/types\/post"}],"author":[{"embeddable":true,"href":"http:\/\/hoycordobaweb.com\/index.php\/wp-json\/wp\/v2\/users\/1"}],"replies":[{"embeddable":true,"href":"http:\/\/hoycordobaweb.com\/index.php\/wp-json\/wp\/v2\/comments?post=23194"}],"version-history":[{"count":0,"href":"http:\/\/hoycordobaweb.com\/index.php\/wp-json\/wp\/v2\/posts\/23194\/revisions"}],"wp:featuredmedia":[{"embeddable":true,"href":"http:\/\/hoycordobaweb.com\/index.php\/wp-json\/wp\/v2\/media\/23195"}],"wp:attachment":[{"href":"http:\/\/hoycordobaweb.com\/index.php\/wp-json\/wp\/v2\/media?parent=23194"}],"wp:term":[{"taxonomy":"category","embeddable":true,"href":"http:\/\/hoycordobaweb.com\/index.php\/wp-json\/wp\/v2\/categories?post=23194"},{"taxonomy":"post_tag","embeddable":true,"href":"http:\/\/hoycordobaweb.com\/index.php\/wp-json\/wp\/v2\/tags?post=23194"}],"curies":[{"name":"wp","href":"https:\/\/api.w.org\/{rel}","templated":true}]}}