{"id":23114,"date":"2021-06-18T15:27:14","date_gmt":"2021-06-18T15:27:14","guid":{"rendered":"http:\/\/ladecimaweb.com\/?p=9948"},"modified":"2021-06-18T15:27:14","modified_gmt":"2021-06-18T15:27:14","slug":"epec-dice-que-la-falla-en-media-tension-esta-resuelta-pero-aun-hay-usuarios-sin-luz","status":"publish","type":"post","link":"http:\/\/hoycordobaweb.com\/index.php\/2021\/06\/18\/epec-dice-que-la-falla-en-media-tension-esta-resuelta-pero-aun-hay-usuarios-sin-luz\/","title":{"rendered":"Epec dice que la falla en media tensi\u00f3n est\u00e1 resuelta, pero a\u00fan hay usuarios sin luz"},"content":{"rendered":"<p>Usuarios de Epec de la zona sur se comunicaron con este medio para <strong>desmentir que haya regresado la luz a los hogares<\/strong> tal como lo comunicara la empresa ayer luego de resolver una falla en media tensi\u00f3n en la estaci\u00f3n transformadora suoreste.<\/p>\n<p>Una treintena de usuarios denunciaron en las \u00faltimas horas <strong>estar sin servicio \u201cdesde el mi\u00e9rcoles\u201d<\/strong> y buscaron desmentir el discurso oficial de la \u201cnormalizaci\u00f3n\u201d del servicio.<\/p>\n<p><strong>Desde la empresa dicen que \u201cen media tensi\u00f3n el problema est\u00e1 solucionado, ahora estamos atacando los problemas puntuales de baja tensi\u00f3n\u201d<\/strong>, afirm\u00f3 el vocero de la Epec, Alfredo Camponovo ante la consulta de La D\u00e9cima.<\/p>\n<p>Respecto a los problemas en baja tensi\u00f3n, dijo que \u201ctenemos los servicios de guardia reforzados con personal de otras \u00e1reas\u201d, y que en las pr\u00f3ximas horas se ir\u00e1n solucionando.<\/p>\n<p>Reiter\u00f3 a los usuarios \u201chacer los reclamos por las v\u00edas habituales. Que son las siguientes:<\/p>\n<p>Llamando al 0800-777-0000<\/p>\n<p>&#8211; Enviando un sms (03517353732 + CASA o SECTOR + n\u00famero de contrato)<\/p>\n<p>&#8211; Por la App EPEC<\/p>\n<p>&#8211; Ingresando a <a href=\"https:\/\/www.epec.com.ar\/tramites\/reclamo-tecnico?fbclid=IwAR1zgLDhM14RVqH1UrIAe1j0W56nn_DlhFs4OP8zIHH3xAhSXnkb9BkyVNQ\">https:\/\/www.epec.com.ar\/tramites\/reclamo-tecnico<\/a><\/p>\n<p><strong>Bronca<\/strong><\/p>\n<p>La gente expres\u00f3 su bronca escribiendo a este peri\u00f3dico.<\/p>\n<p>\u201cLes quer\u00eda comentar la situaci\u00f3n desesperante que estamos viviendo en Santa Isabel 1 Secci\u00f3n ya que <strong>desde el d\u00eda mi\u00e9rcoles a las 21 horas no tenemos energ\u00eda\u201d<\/strong>, denunci\u00f3 Flor Cabral.<\/p>\n<p>\u201cEn estos momentos taan duros economicamente no podemos estar tirando la comida que tanto cuesta hoy comprar , que nuestros hijos sufran este frio. .. la verdad <strong>da mucha bronca e impotencia<\/strong>\u201d, dijo la usuaria.<\/p>\n<p><strong>\u201cYa voy por el octavo reclamo\u201d<\/strong>, cont\u00f3 Lorena Tebez. Y agreg\u00f3: \u201cHace m\u00e1s 72 horas que casi toda la capital de C\u00f3rdoba est\u00e1 padeciendo los cort\u00e9s eternooos de Luz y nadieeeeeee de la empresa EPEC da alguna explicaci\u00f3n\u201d.<\/p>\n<p>Dulce Luz reclam\u00f3 desde Villa El Libertador <strong>el arreglo del transformador de la calle Pilcomayo<\/strong> que sali\u00f3 de funcionamiento. \u201cHizo una explosi\u00f3n anoche y casa de por medio no hay luz x favor le pedimos que vengan a arreglar porque los ni\u00f1os no pueden tener clases\u201d, suplic\u00f3.<\/p>\n<p>\u201cAlguna novedad sobre la luz? Porque no se ha normalizado el servicio, soy de Comercial de calle La Falda y <strong>estamos sin luz desde el mi\u00e9rcoles\u201d,<\/strong> cont\u00f3 Juan Cruz Oliva.<\/p>\n<p>Liliana Alvarez escribi\u00f3: \u201cPodr\u00edan averiguar por el corte de luz en barrio Ampliaci\u00f3n Santa Rosa estamos sin luz desde las cinco de la ma\u00f1ana y ponen semejante mentira que estamos con luz\u201d.<\/p>\n<p>\u201cAc\u00e1 en barrio comercial vino la luz pero por partes. Yo vivo en la calle Ambul entre Laboulaye y Rio 5 y el transformador que est\u00e1 en la esquina explot\u00f3 un fusible\u201d.<\/p>\n<p>Camponovo explic\u00f3 que debido al \u201cfr\u00edo extremo\u201d -nevada de por medio, hace dos d\u00edas- la demanda del servicio para esta \u00e9poca \u201csuper\u00f3 la media hist\u00f3rica\u201d. \u201c<strong>El sistema no funciona igual cuando trabaja sobreexigido\u201d, reconoci\u00f3.\u00a0<\/strong><\/p>\n<p>Blanca Villagra dijo que en la cooperativa Angular al costado del hospital Asturias, tambi\u00e9n estaban sin servicio.<\/p>\n<div class=\"ubm_banner\"><a href=\"https:\/\/youtu.be\/AnpridKvqho\" target=\"_blank\" rel=\"dofollow noopener noreferrer\"><img src=\"http:\/\/hoycordobaweb.com\/wp-content\/uploads\/2021\/06\/epec-dice-que-la-falla-en-media-tension-esta-resuelta-pero-aun-hay-usuarios-sin-luz.gif\" alt=\"\"><\/a><\/div>\n<p>&nbsp;<\/p>\n<p>La entrada <a rel=\"nofollow\" href=\"https:\/\/ladecimaweb.com\/epec-dice-que-la-falla-en-media-tension-esta-resuelta-pero-aun-hay-usuarios-sin-luz\/\">Epec dice que la falla en media tensi\u00f3n est\u00e1 resuelta, pero a\u00fan hay usuarios sin luz<\/a> se public\u00f3 primero en <a rel=\"nofollow\" href=\"https:\/\/ladecimaweb.com\">LaDecima<\/a>.<\/p>\n","protected":false},"excerpt":{"rendered":"<p>Usuarios de Epec de la zona sur se comunicaron con este medio para desmentir que haya regresado la luz a los hogares tal como lo comunicara la empresa ayer luego de resolver una falla en media tensi\u00f3n en la estaci\u00f3n transformadora suoreste. Una treintena de usuarios denunciaron en las \u00faltimas horas estar sin servicio \u201cdesde [&hellip;]<\/p>\n","protected":false},"author":1,"featured_media":23115,"comment_status":"closed","ping_status":"closed","sticky":false,"template":"","format":"standard","meta":[],"categories":[19],"tags":[],"_links":{"self":[{"href":"http:\/\/hoycordobaweb.com\/index.php\/wp-json\/wp\/v2\/posts\/23114"}],"collection":[{"href":"http:\/\/hoycordobaweb.com\/index.php\/wp-json\/wp\/v2\/posts"}],"about":[{"href":"http:\/\/hoycordobaweb.com\/index.php\/wp-json\/wp\/v2\/types\/post"}],"author":[{"embeddable":true,"href":"http:\/\/hoycordobaweb.com\/index.php\/wp-json\/wp\/v2\/users\/1"}],"replies":[{"embeddable":true,"href":"http:\/\/hoycordobaweb.com\/index.php\/wp-json\/wp\/v2\/comments?post=23114"}],"version-history":[{"count":0,"href":"http:\/\/hoycordobaweb.com\/index.php\/wp-json\/wp\/v2\/posts\/23114\/revisions"}],"wp:featuredmedia":[{"embeddable":true,"href":"http:\/\/hoycordobaweb.com\/index.php\/wp-json\/wp\/v2\/media\/23115"}],"wp:attachment":[{"href":"http:\/\/hoycordobaweb.com\/index.php\/wp-json\/wp\/v2\/media?parent=23114"}],"wp:term":[{"taxonomy":"category","embeddable":true,"href":"http:\/\/hoycordobaweb.com\/index.php\/wp-json\/wp\/v2\/categories?post=23114"},{"taxonomy":"post_tag","embeddable":true,"href":"http:\/\/hoycordobaweb.com\/index.php\/wp-json\/wp\/v2\/tags?post=23114"}],"curies":[{"name":"wp","href":"https:\/\/api.w.org\/{rel}","templated":true}]}}