{"id":23096,"date":"2021-06-18T17:34:00","date_gmt":"2021-06-18T17:34:00","guid":{"rendered":"http:\/\/hoycordobaweb.com\/index.php\/2021\/06\/18\/eriksen-recibio-el-alta-tras-una-operacion-exitosa-del-corazon\/"},"modified":"2021-06-18T17:34:00","modified_gmt":"2021-06-18T17:34:00","slug":"eriksen-recibio-el-alta-tras-una-operacion-exitosa-del-corazon","status":"publish","type":"post","link":"http:\/\/hoycordobaweb.com\/index.php\/2021\/06\/18\/eriksen-recibio-el-alta-tras-una-operacion-exitosa-del-corazon\/","title":{"rendered":"Eriksen recibi\u00f3 el alta tras una operaci\u00f3n exitosa del coraz\u00f3n"},"content":{"rendered":"<p><img src=\"http:\/\/hoycordobaweb.com\/wp-content\/uploads\/2021\/06\/eriksen-recibio-el-alta-tras-una-operacion-exitosa-del-corazon.jpg\"><\/p>\n<div class=\"image\" id=\"image\" readability=\"8\"> <img src=\"http:\/\/hoycordobaweb.com\/wp-content\/uploads\/2021\/06\/eriksen-recibio-el-alta-tras-una-operacion-exitosa-del-corazon-2.jpg\" alt=\"El mediocampista del Inter de Mil\u00e1n agradeci\u00f3 &quot;la gran cantidad de buenos deseos&quot; recibidos en estos d\u00edas.\" title=\"El mediocampista del Inter de Mil\u00e1n agradeci\u00f3 &quot;la gran cantidad de buenos deseos&quot; recibidos en estos d\u00edas.\"><\/p>\n<p>El mediocampista del Inter de Mil\u00e1n agradeci\u00f3 \u00abla gran cantidad de buenos deseos\u00bb recibidos en estos d\u00edas.<\/p>\n<\/div>\n<p>El volante dan\u00e9s Christian Eriksen obtuvo este viernes el alta luego que le implantaran un desfibrilador autom\u00e1tico en su coraz\u00f3n en un hospital de Copenhague, como consecuencia del infarto que sufri\u00f3 en el debut en la Eurocopa contra Finlandia.<\/p>\n<p>En un comunicado desde la cuenta del seleccionado dan\u00e9s, el mediocampista del Inter de Mil\u00e1n agradeci\u00f3 \u00abla gran cantidad de buenos deseos\u00bb recibidos en estos d\u00edas.<\/p>\n<p>\u00abLa operaci\u00f3n sali\u00f3 bien, dentro de estas circunstancias. Es genial volver a ver a los chicos despu\u00e9s del fant\u00e1stico partido que jugaron anoche\u00bb, coment\u00f3 sobre la ca\u00edda de su seleccionado ante B\u00e9lgica por 2-1.<\/p>\n<p>\u00abNo hace falta decir que los alentar\u00e9 el lunes contra Rusia\u00bb, concluy\u00f3 en un texto breve difundido en las redes sociales de la Federaci\u00f3n.<\/p>\n<p>Eriksen, de 29 a\u00f1os, se desplom\u00f3 s\u00fabitamente a los 42 minutos del primer tiempo y fue socorrido por los m\u00e9dicos en pleno campo de juego.<\/p>\n<p>Los jugadores del seleccionado de Dinamarca formaron de inmediato un c\u00edrculo a su alrededor para impedir la captaci\u00f3n de im\u00e1genes por parte de la televisi\u00f3n, que alcanz\u00f3 a mostrarlo tendido sobre el c\u00e9sped con los ojos abiertos.<\/p>\n<p>\u00abSe hab\u00eda ido y le hicimos un masaje card\u00edaco para reanimarlo\u00bb, revel\u00f3 el m\u00e9dico del seleccionado de Dinamarca.<\/p>\n<p>Despu\u00e9s de la atenci\u00f3n, el futbolista fue trasladado al hospital principal de Copenhague. Eriksen sali\u00f3 de la cancha en camilla ya en estado consciente, con su mano izquierda sobre la frente, seg\u00fan se pudo ver en la fotograf\u00eda que se viraliz\u00f3. El partido, que hab\u00eda sido suspendido con el marcador 0-0, se reanud\u00f3 algunas horas despu\u00e9s y termin\u00f3 en victoria para Finlandia (1-0). <\/p>\n","protected":false},"excerpt":{"rendered":"<p>El mediocampista del Inter de Mil\u00e1n agradeci\u00f3 \u00abla gran cantidad de buenos deseos\u00bb recibidos en estos d\u00edas. El volante dan\u00e9s Christian Eriksen obtuvo este viernes el alta luego que le implantaran un desfibrilador autom\u00e1tico en su coraz\u00f3n en un hospital de Copenhague, como consecuencia del infarto que sufri\u00f3 en el debut en la Eurocopa contra [&hellip;]<\/p>\n","protected":false},"author":1,"featured_media":23097,"comment_status":"open","ping_status":"closed","sticky":false,"template":"","format":"standard","meta":[],"categories":[16],"tags":[],"_links":{"self":[{"href":"http:\/\/hoycordobaweb.com\/index.php\/wp-json\/wp\/v2\/posts\/23096"}],"collection":[{"href":"http:\/\/hoycordobaweb.com\/index.php\/wp-json\/wp\/v2\/posts"}],"about":[{"href":"http:\/\/hoycordobaweb.com\/index.php\/wp-json\/wp\/v2\/types\/post"}],"author":[{"embeddable":true,"href":"http:\/\/hoycordobaweb.com\/index.php\/wp-json\/wp\/v2\/users\/1"}],"replies":[{"embeddable":true,"href":"http:\/\/hoycordobaweb.com\/index.php\/wp-json\/wp\/v2\/comments?post=23096"}],"version-history":[{"count":0,"href":"http:\/\/hoycordobaweb.com\/index.php\/wp-json\/wp\/v2\/posts\/23096\/revisions"}],"wp:featuredmedia":[{"embeddable":true,"href":"http:\/\/hoycordobaweb.com\/index.php\/wp-json\/wp\/v2\/media\/23097"}],"wp:attachment":[{"href":"http:\/\/hoycordobaweb.com\/index.php\/wp-json\/wp\/v2\/media?parent=23096"}],"wp:term":[{"taxonomy":"category","embeddable":true,"href":"http:\/\/hoycordobaweb.com\/index.php\/wp-json\/wp\/v2\/categories?post=23096"},{"taxonomy":"post_tag","embeddable":true,"href":"http:\/\/hoycordobaweb.com\/index.php\/wp-json\/wp\/v2\/tags?post=23096"}],"curies":[{"name":"wp","href":"https:\/\/api.w.org\/{rel}","templated":true}]}}