{"id":22993,"date":"2021-06-16T20:24:00","date_gmt":"2021-06-16T20:24:00","guid":{"rendered":"http:\/\/hoycordobaweb.com\/index.php\/2021\/06\/16\/guzman-queremos-tener-un-esquema-de-deuda-ordenado-y-evitar-un-default\/"},"modified":"2021-06-16T20:24:00","modified_gmt":"2021-06-16T20:24:00","slug":"guzman-queremos-tener-un-esquema-de-deuda-ordenado-y-evitar-un-default","status":"publish","type":"post","link":"http:\/\/hoycordobaweb.com\/index.php\/2021\/06\/16\/guzman-queremos-tener-un-esquema-de-deuda-ordenado-y-evitar-un-default\/","title":{"rendered":"Guzm\u00e1n: \u00abQueremos tener un esquema de deuda ordenado y evitar un default\u00bb"},"content":{"rendered":"<p><img src=\"http:\/\/hoycordobaweb.com\/wp-content\/uploads\/2021\/06\/guzman-queremos-tener-un-esquema-de-deuda-ordenado-y-evitar-un-default.jpg\"><\/p>\n<div class=\"image\" id=\"image\" readability=\"8\"> <img src=\"http:\/\/hoycordobaweb.com\/wp-content\/uploads\/2021\/06\/guzman-queremos-tener-un-esquema-de-deuda-ordenado-y-evitar-un-default-2.jpg\" alt=\"Guzm\u00e1n destac\u00f3 que el G20, el FMI y la comunidad acad\u00e9mica internacional apoyan a la Argentina\" title=\"Guzm\u00e1n destac\u00f3 que el G20, el FMI y la comunidad acad\u00e9mica internacional apoyan a la Argentina\"><\/p>\n<p>Guzm\u00e1n destac\u00f3 que el G20, el FMI y la comunidad acad\u00e9mica internacional apoyan a la Argentina<\/p>\n<\/div>\n<p>El ministro de Econom\u00eda, Mart\u00edn Guzm\u00e1n, asegur\u00f3 este mi\u00e9rcoles que el objetivo del Gobierno es \u00abtener un esquema de deuda ordenado\u00bb y as\u00ed \u00abevitar un default\u00bb.<\/p>\n<p><strong>\u00abCuando asumimos ten\u00edamos un problema de falta de divisas; ten\u00edamos una cantidad de compromisos que se tornaron insostenibles\u00bb, afirm\u00f3 Guzm\u00e1n<\/strong> al disertar en el encuentro denominado \u201cTranquilizar la econom\u00eda\u201d, organizado por el Consejo Interamericano de Comercio y Producci\u00f3n (CICyP).<\/p>\n<p>Seg\u00fan el ministro, <strong>\u00abhay una secuencia de negociaciones que tiene una l\u00f3gica pensada; queremos tener un esquema ordenado con el mundo; queremos evitar un default desordenado con los acreedores privados\u00bb<\/strong>.<\/p>\n<blockquote readability=\"7\">\n<p>\u00abLa mayor\u00eda de los pa\u00edses arreglan con el FMI y despu\u00e9s la deuda; si hac\u00edamos eso, ca\u00edamos en default\u00bb<span class=\"comilla\">\u201d<\/span><\/p>\n<p><span>Mart\u00edn Guzm\u00e1n<\/span><\/p>\n<\/blockquote>\n<p>Por ello, explic\u00f3: <strong>\u00abquer\u00edamos una involucraci\u00f3n colectiva del Congreso y de toda la sociedad en el proceso\u00bb.<\/strong><\/p>\n<p><strong>\u00abConstruimos un sentido com\u00fan sobre lo que la Argentina necesita; tuvimos el apoyo de muchos de ustedes que fue muy importante\u00bb,<\/strong> resalt\u00f3.<\/p>\n<p>Asimismo, destac\u00f3: <strong>\u00abla comunidad internacional nos apoy\u00f3: el G20, el FMI mismo, la comunidad acad\u00e9mica internacional\u00bb<\/strong>.<\/p>\n<p><strong>\u00abCada gira con el Presidente tiene que ver con construir un apoyo que fortalezca la posici\u00f3n argentina y que se cree un sentido com\u00fan con lo que Argentina necesita<\/strong>\u00ab, indic\u00f3.<\/p>\n<p>Al respecto, se\u00f1al\u00f3 que \u00ablo mismo\u00bb quieren hacer \u00abpuertas adentro\u00bb, por lo que <strong>resalt\u00f3 el env\u00edo de \u00abun proyecto de ley al Congreso para que los programas con el FMI sean aprobados por el Congreso; eso significa que la estabilizaci\u00f3n sea pol\u00edtica de Estado\u00bb<\/strong>, complet\u00f3. <\/p>\n","protected":false},"excerpt":{"rendered":"<p>Guzm\u00e1n destac\u00f3 que el G20, el FMI y la comunidad acad\u00e9mica internacional apoyan a la Argentina El ministro de Econom\u00eda, Mart\u00edn Guzm\u00e1n, asegur\u00f3 este mi\u00e9rcoles que el objetivo del Gobierno es \u00abtener un esquema de deuda ordenado\u00bb y as\u00ed \u00abevitar un default\u00bb. \u00abCuando asumimos ten\u00edamos un problema de falta de divisas; ten\u00edamos una cantidad de [&hellip;]<\/p>\n","protected":false},"author":1,"featured_media":22994,"comment_status":"open","ping_status":"closed","sticky":false,"template":"","format":"standard","meta":[],"categories":[19],"tags":[],"_links":{"self":[{"href":"http:\/\/hoycordobaweb.com\/index.php\/wp-json\/wp\/v2\/posts\/22993"}],"collection":[{"href":"http:\/\/hoycordobaweb.com\/index.php\/wp-json\/wp\/v2\/posts"}],"about":[{"href":"http:\/\/hoycordobaweb.com\/index.php\/wp-json\/wp\/v2\/types\/post"}],"author":[{"embeddable":true,"href":"http:\/\/hoycordobaweb.com\/index.php\/wp-json\/wp\/v2\/users\/1"}],"replies":[{"embeddable":true,"href":"http:\/\/hoycordobaweb.com\/index.php\/wp-json\/wp\/v2\/comments?post=22993"}],"version-history":[{"count":0,"href":"http:\/\/hoycordobaweb.com\/index.php\/wp-json\/wp\/v2\/posts\/22993\/revisions"}],"wp:featuredmedia":[{"embeddable":true,"href":"http:\/\/hoycordobaweb.com\/index.php\/wp-json\/wp\/v2\/media\/22994"}],"wp:attachment":[{"href":"http:\/\/hoycordobaweb.com\/index.php\/wp-json\/wp\/v2\/media?parent=22993"}],"wp:term":[{"taxonomy":"category","embeddable":true,"href":"http:\/\/hoycordobaweb.com\/index.php\/wp-json\/wp\/v2\/categories?post=22993"},{"taxonomy":"post_tag","embeddable":true,"href":"http:\/\/hoycordobaweb.com\/index.php\/wp-json\/wp\/v2\/tags?post=22993"}],"curies":[{"name":"wp","href":"https:\/\/api.w.org\/{rel}","templated":true}]}}