{"id":22991,"date":"2021-06-16T20:25:00","date_gmt":"2021-06-16T20:25:00","guid":{"rendered":"http:\/\/hoycordobaweb.com\/index.php\/2021\/06\/16\/guzman-con-nosotros-la-industria-esta-creciendo-con-el-gobierno-anterior-se-achico\/"},"modified":"2021-06-16T20:25:00","modified_gmt":"2021-06-16T20:25:00","slug":"guzman-con-nosotros-la-industria-esta-creciendo-con-el-gobierno-anterior-se-achico","status":"publish","type":"post","link":"http:\/\/hoycordobaweb.com\/index.php\/2021\/06\/16\/guzman-con-nosotros-la-industria-esta-creciendo-con-el-gobierno-anterior-se-achico\/","title":{"rendered":"Guzm\u00e1n: \u00abCon nosotros la industria est\u00e1 creciendo con el Gobierno anterior se achic\u00f3\u00bb"},"content":{"rendered":"<p><img src=\"http:\/\/hoycordobaweb.com\/wp-content\/uploads\/2021\/06\/guzman-con-nosotros-la-industria-esta-creciendo-con-el-gobierno-anterior-se-achico.jpg\"><\/p>\n<div class=\"image\" id=\"image\" readability=\"10\"> <img src=\"http:\/\/hoycordobaweb.com\/wp-content\/uploads\/2021\/06\/guzman-con-nosotros-la-industria-esta-creciendo-con-el-gobierno-anterior-se-achico-2.jpg\" alt=\"El ministro de Econom\u00eda, Mart\u00edn Guzm\u00e1n, asegur\u00f3 que el Gobierno est\u00e1 implementando pol\u00edticas para consolidar un crecimiento econ\u00f3mico sostenido\" title=\"El ministro de Econom\u00eda, Mart\u00edn Guzm\u00e1n, asegur\u00f3 que el Gobierno est\u00e1 implementando pol\u00edticas para consolidar un crecimiento econ\u00f3mico sostenido\"><\/p>\n<p>El ministro de Econom\u00eda, Mart\u00edn Guzm\u00e1n, asegur\u00f3 que el Gobierno est\u00e1 implementando pol\u00edticas para consolidar un crecimiento econ\u00f3mico sostenido<\/p>\n<\/div>\n<p>El <strong>ministro de Econom\u00eda, Mart\u00edn Guzm\u00e1n, asegur\u00f3 este mi\u00e9rcoles que el Gobierno est\u00e1 implementando pol\u00edticas para consolidar un crecimiento econ\u00f3mico sostenido <\/strong>y que, pese a la pandemia y a los efectos de crisis econ\u00f3mica que estall\u00f3 en 2018, con la actual gesti\u00f3n \u00abla industria est\u00e1 creciendo\u00bb, mientras con la anterior \u00abse achic\u00f3\u00bb.<\/p>\n<p>Al exponer ante empresarios del Consejo Interamericano de Comercio y Producci\u00f3n (CICyP), Guzm\u00e1n asegur\u00f3 que el Gobierno <strong>\u00abtiene claro cu\u00e1l es el rumbo para tranquilizar la econom\u00eda\u00bb <\/strong>y sostuvo que decidi\u00f3 negociar primero con los acreedores privados para \u00abevitar un default\u00bb y, luego, avanzar hacia un acuerdo con el Fondo Monetario Internacional (FMI) y el Club de Par\u00eds.<\/p>\n<p>\u00abEl programa con el Fondo tiene que ser una construcci\u00f3n colectiva y contar con el involucramiento de toda la sociedad en el proceso\u00bb, dada la importancia de la negociaci\u00f3n y su extensi\u00f3n en el tiempo, enfatiz\u00f3 el ministro.<\/p>\n<p>Guzm\u00e1n, en una exposici\u00f3n que se extendi\u00f3 por espacio de 40 minutos, a los que luego se sumaron quince minutos m\u00e1s para responder preguntas, afirm\u00f3 que la recuperaci\u00f3n econ\u00f3mica es una \u00abtarea colectiva\u00bb en la que, a diferencia de la gesti\u00f3n Cambiemos, que llev\u00f3 una pol\u00edtica de \u00abreducci\u00f3n de impuestos, de achicamiento del Estado y una reforma econ\u00f3mica que debilitaron al Estado y al sector privado\u00bb, la actual gesti\u00f3n busca sentar las bases para un desarrollo sostenible que permita generar trabajo y valor agregado en todo el pa\u00eds.<\/p>\n<p><strong>\u00abSin industria no hay futuro\u00bb,<\/strong> afirm\u00f3 el ministro, al destacar que el sector es \u00abfundamental\u00bb para la recuperaci\u00f3n econ\u00f3mica y que, para ello, se est\u00e1 trabajando sobre \u00abla estabilidad macroecon\u00f3mica, reglas de juego que den previsibilidad y que el Estado tenga un rol desde la pol\u00edtica productiva que genere condiciones virtuosas para un crecimiento de la oferta en general\u00bb.<\/p>\n<p>\u00abQueremos que los empresarios inviertan pero estas cosas no se resuelven en un a\u00f1o y medio. El proceso de di\u00e1logo y la articulaci\u00f3n con cada representante del sector privado importa\u00bb, sostuvo el ministro.<\/p>\n<blockquote readability=\"6\">\n<p>\u00abQueremos que los empresarios inviertan pero estas cosas no se resuelven en un a\u00f1o y medio. El proceso de di\u00e1logo y la articulaci\u00f3n con cada representante del sector privado importa\u00bb<span class=\"comilla\">\u201d<\/span><\/p>\n<\/blockquote>\n<p>Durante la disertaci\u00f3n, de la que participaron en forma presencial alrededor de 30 dirigentes de las principales c\u00e1maras y entidades del sector productivo del pa\u00eds, Guzm\u00e1n repas\u00f3 el trabajo del Gobierno de los primeros 18 meses de gesti\u00f3n y, en materia de precios, destac\u00f3 que \u00abest\u00e1n las condiciones dadas para que la inflaci\u00f3n vaya reduci\u00e9ndose\u00bb.<\/p>\n<p>\u00abHab\u00eda dicho que marzo iba a ser el mes m\u00e1s alto y eso ocurri\u00f3. Abril fue m\u00e1s bajo y en mayo va a ser m\u00e1s bajo que en abril. Hay que continuar porque estamos en niveles por encima que lo que consideramos que macroecon\u00f3micamente es factible\u00bb, dijo Guzm\u00e1n.<\/p>\n<p>La inflaci\u00f3n<\/p>\n<p>Tambi\u00e9n record\u00f3 el abordaje \u00abmulticausal\u00bb de la inflaci\u00f3n y dijo que \u00abatacarla solo con pol\u00edticas monetarias no va a ning\u00fan lado\u00bb, ya que \u00abhay que resolver problemas estructurales\u00bb y que requiere \u00abun enfoque integral y un trabajo de colectivo de coordinaci\u00f3n\u00bb.<\/p>\n<p>Aun as\u00ed, asegur\u00f3 que <strong>\u201cla sostenibilidad fiscal es una condici\u00f3n necesaria para el desarrollo econ\u00f3mico\u00bb<\/strong> y que el nivel de gasto p\u00fablico debe coordinarse entre \u00abla necesidad de que el Estado reactive la econom\u00eda y por el otro ir reduciendo el d\u00e9ficit fiscal\u201d.<\/p>\n<blockquote readability=\"5\">\n<p>\u201cLa sostenibilidad fiscal es una condici\u00f3n necesaria para el desarrollo econ\u00f3mico\u00bb<span class=\"comilla\">\u201d<\/span><\/p>\n<\/blockquote>\n<p>\u00abHay problemas para definir anclas y expectativas, por eso es fundamental la coordinaci\u00f3n entre todos los actores de la macroeconom\u00eda ya que las expectativas y la formaci\u00f3n de precios es una tarea colectiva\u00bb, afirm\u00f3 el ministro.<\/p>\n<p>El evento<\/p>\n<p>El encuentro se llev\u00f3 a cabo en los jardines del hotel Four Seassons, en pleno centro porte\u00f1o. Los empresarios se sentaron de a cuatro en mesas que estaban distribuidas con el distanciamiento suficiente en el marco de las medidas sanitarias de prevenci\u00f3n por el Covid-19.<\/p>\n<p>La mayor\u00eda de ellos, en medio de la fr\u00eda tarde, tambi\u00e9n opt\u00f3 por aceptar mantas provistas por el hotel para darse algo de calor y enfrentar de esta forma la baja temperatura.<\/p>\n<p>Desde el punto de vista de la consolidaci\u00f3n del crecimiento, Guzm\u00e1n dijo que <strong>\u00abuna premisa fundamental para la idea de tranquilizar la econom\u00eda que las exportaciones crezcan de manera sostenida\u00bb<\/strong>, as\u00ed como el crecimiento del salario real, y que comparte con el sector empresario el objetivo de alcanzar \u00abcertidumbre, confianza y concertaci\u00f3n\u00bb.<\/p>\n<p>Para ello dijo que se est\u00e1 trabajando en dar \u00abpasos importantes para tener una pol\u00edtica tributaria alineada con el fortalecimiento fiscal, con progresividad y con incentivos adecuados para la producci\u00f3n e inversi\u00f3n y m\u00e1s armoniosa desde el punto de vista federal\u00bb.<\/p>\n<p>\u00abTen\u00edamos una estructura tributaria producto de m\u00faltiples crisis econ\u00f3micas. La pol\u00edtica tributaria tiene un recorrido por hacer. Si la idea es un pa\u00eds de impuestos bajos y gasto bajo, esa no es nuestra idea. El Estado tiene un rol en la estabilidad macro y en generar condiciones propicias para promover la actividad privada\u00bb, afirm\u00f3 el ministro.<\/p>\n<p>Por \u00faltimo, adelant\u00f3 que el pr\u00f3ximo 15 de septiembre se presentar\u00e1 al Congreso el proyecto de Presupuesto 2022, en el cual se siga \u00abel sendero para que el Estado tenga el rol de contribuir a apuntalar la recuperaci\u00f3n econ\u00f3mica y reducir el d\u00e9ficit fiscal\u00bb. <\/p>\n","protected":false},"excerpt":{"rendered":"<p>El ministro de Econom\u00eda, Mart\u00edn Guzm\u00e1n, asegur\u00f3 que el Gobierno est\u00e1 implementando pol\u00edticas para consolidar un crecimiento econ\u00f3mico sostenido El ministro de Econom\u00eda, Mart\u00edn Guzm\u00e1n, asegur\u00f3 este mi\u00e9rcoles que el Gobierno est\u00e1 implementando pol\u00edticas para consolidar un crecimiento econ\u00f3mico sostenido y que, pese a la pandemia y a los efectos de crisis econ\u00f3mica que estall\u00f3 [&hellip;]<\/p>\n","protected":false},"author":1,"featured_media":22992,"comment_status":"open","ping_status":"closed","sticky":false,"template":"","format":"standard","meta":[],"categories":[19],"tags":[],"_links":{"self":[{"href":"http:\/\/hoycordobaweb.com\/index.php\/wp-json\/wp\/v2\/posts\/22991"}],"collection":[{"href":"http:\/\/hoycordobaweb.com\/index.php\/wp-json\/wp\/v2\/posts"}],"about":[{"href":"http:\/\/hoycordobaweb.com\/index.php\/wp-json\/wp\/v2\/types\/post"}],"author":[{"embeddable":true,"href":"http:\/\/hoycordobaweb.com\/index.php\/wp-json\/wp\/v2\/users\/1"}],"replies":[{"embeddable":true,"href":"http:\/\/hoycordobaweb.com\/index.php\/wp-json\/wp\/v2\/comments?post=22991"}],"version-history":[{"count":0,"href":"http:\/\/hoycordobaweb.com\/index.php\/wp-json\/wp\/v2\/posts\/22991\/revisions"}],"wp:featuredmedia":[{"embeddable":true,"href":"http:\/\/hoycordobaweb.com\/index.php\/wp-json\/wp\/v2\/media\/22992"}],"wp:attachment":[{"href":"http:\/\/hoycordobaweb.com\/index.php\/wp-json\/wp\/v2\/media?parent=22991"}],"wp:term":[{"taxonomy":"category","embeddable":true,"href":"http:\/\/hoycordobaweb.com\/index.php\/wp-json\/wp\/v2\/categories?post=22991"},{"taxonomy":"post_tag","embeddable":true,"href":"http:\/\/hoycordobaweb.com\/index.php\/wp-json\/wp\/v2\/tags?post=22991"}],"curies":[{"name":"wp","href":"https:\/\/api.w.org\/{rel}","templated":true}]}}