{"id":22989,"date":"2021-06-16T18:32:00","date_gmt":"2021-06-16T18:32:00","guid":{"rendered":"https:\/\/www.trendencias.com\/belleza\/selena-gomez-su-marca-maquillaje-rare-beauty-reivindica-amor-propio-desafia-canon-belleza"},"modified":"2021-06-16T18:32:00","modified_gmt":"2021-06-16T18:32:00","slug":"selena-gomez-sobre-su-marca-de-maquillaje-rare-beauty-reivindica-el-amor-propio-y-desafia-el-canon-de-belleza","status":"publish","type":"post","link":"http:\/\/hoycordobaweb.com\/index.php\/2021\/06\/16\/selena-gomez-sobre-su-marca-de-maquillaje-rare-beauty-reivindica-el-amor-propio-y-desafia-el-canon-de-belleza\/","title":{"rendered":"Selena G\u00f3mez, sobre su marca de maquillaje &#8216;Rare Beauty&#8217;: \u00abreivindica el amor propio y desaf\u00eda el canon de belleza\u00bb"},"content":{"rendered":"<p>Desde que nos enteramos de que &#8216;<a href=\"https:\/\/www.trendencias.com\/belleza\/selena-gomez-amplia-su-coleccion-maquillaje-rare-beauty-coloretes-sombras-ojos-liquidas-labiales-ideales\">Rare Beauty<\/a>&#8216; (la <strong>marca de maquillaje creada por Selena Gomez<\/strong>) llegaba a Espa\u00f1a, contamos los d\u00edas. El esperado lanzamiento en nuestro pa\u00eds se producir\u00e1 el pr\u00f3ximo 1 de julio. A partir de entonces, podremos comprar en <a href=\"https:\/\/www.trendencias.com\/belleza\/mejores-cosmeticos-2020-sephora-tienen-descuentos-25-37-productos-maquillaje-cuidado-piel-que-invertir\">Sephora <\/a>los productos de maquillaje que Selena ha estado dando forma durante los \u00faltimos tres a\u00f1os. Y como era de esperar, <a href=\"https:\/\/www.trendencias.com\/belleza\/asi-bonita-coleccion-maquillaje-selena-gomez-que-estamos-deseando-que-llegue-a-sephora-espana\">nuestras ganas por hacerlo son muy locas<\/a>.<\/p>\n<p><!-- BREAK 1 --><\/p>\n<p>Para amenizarnos la espera, la cadena de cosm\u00e9ticos nos invit\u00f3 en exclusiva a un directo desde Los Angeles. En \u00e9l, tuvimos la oportunidad de compartir unos minutos con <a href=\"https:\/\/www.trendencias.com\/belleza\/cinco-esmaltes-unas-que-copiar-manicura-azul-pastel-veraniega-selena-gomez\">la cantante y actriz<\/a>, para saber un poco m\u00e1s de su marca, como el porqu\u00e9 de su nombre:<\/p>\n<p><!-- BREAK 2 --> <\/p>\n<blockquote><p>\u00abHay mucha presi\u00f3n por todas partes para ser de una forma determinada y siento que la palabra &#8216;rare&#8217; elimina el perfeccionismo. Es una palabra preciosa, especialmente cuando se aplica a las personas. Quiere decir que eres autentica\u00bb, explic\u00f3 Selena.<\/p><\/blockquote>\n<div class=\"article-asset article-asset-normal article-asset-center\">\n<div class=\"desvio-container\">\n<div class=\"desvio\">\n<div class=\"desvio-figure js-desvio-figure\"> <a href=\"https:\/\/www.trendencias.com\/belleza\/recargables-naturales-olor-helado-asi-cremas-manos-haan-probamos\"> <img alt=\"Recargables, naturales y con perfume a helado, as\u00ed son las cremas de manos de Haan: las probamos\" src=\"http:\/\/hoycordobaweb.com\/wp-content\/uploads\/2021\/06\/selena-gomez-sobre-su-marca-de-maquillaje-rare-beauty-reivindica-el-amor-propio-y-desafia-el-canon-de-belleza.jpg\"> <\/a> <\/div><\/div><\/div>\n<\/div>\n<div class=\"article-asset-image article-asset-normal article-asset-center\">\n<div class=\"asset-content\">\n<div class=\"base-wrapper-image\"> <img class=\"sf-lazy centro_sinmarco\" data-sf-srcset=\"http:\/\/hoycordobaweb.com\/wp-content\/uploads\/2021\/06\/selena-gomez-sobre-su-marca-de-maquillaje-rare-beauty-reivindica-el-amor-propio-y-desafia-el-canon-de-belleza-1.jpg 450w, http:\/\/hoycordobaweb.com\/wp-content\/uploads\/2021\/06\/selena-gomez-sobre-su-marca-de-maquillaje-rare-beauty-reivindica-el-amor-propio-y-desafia-el-canon-de-belleza-7.jpg 681w,http:\/\/hoycordobaweb.com\/wp-content\/uploads\/2021\/06\/selena-gomez-sobre-su-marca-de-maquillaje-rare-beauty-reivindica-el-amor-propio-y-desafia-el-canon-de-belleza-8.jpg 1024w, http:\/\/hoycordobaweb.com\/wp-content\/uploads\/2021\/06\/selena-gomez-sobre-su-marca-de-maquillaje-rare-beauty-reivindica-el-amor-propio-y-desafia-el-canon-de-belleza-9.jpg 1366w,\" data-sf-src=\"http:\/\/hoycordobaweb.com\/wp-content\/uploads\/2021\/06\/selena-gomez-sobre-su-marca-de-maquillaje-rare-beauty-reivindica-el-amor-propio-y-desafia-el-canon-de-belleza-1.jpg\" alt=\"Rarebeauty 169263776 2908983359381497 6411027602132492738 N\"> <noscript><img alt=\"Rarebeauty 169263776 2908983359381497 6411027602132492738 N\" class=\"centro_sinmarco\" src=\"http:\/\/hoycordobaweb.com\/wp-content\/uploads\/2021\/06\/selena-gomez-sobre-su-marca-de-maquillaje-rare-beauty-reivindica-el-amor-propio-y-desafia-el-canon-de-belleza-1.jpg\"><\/noscript> <\/div><\/div>\n<\/div>\n<p>&#8216;Rare Beauty&#8217; se cre\u00f3 para desafiar el <a href=\"https:\/\/www.trendencias.com\/feminismo\/canon-belleza-era-internet-humano\">mito de la belleza de la perfecci\u00f3n f\u00edsica<\/a>.<\/p>\n<p><!-- BREAK 3 --><\/p>\n<blockquote><p>\u00abEs una marca que <strong>va sobre aceptar quien eres y quererse a uno mismo<\/strong>, un sitio seguro para que la gente se sienta c\u00f3moda que reafirma la idea de que no pasa nada por no ser como todos los dem\u00e1s\u00bb, contin\u00faa.<\/p><\/blockquote>\n<p><a href=\"https:\/\/www.trendencias.com\/moda-famosas\/mono-negro-plumas-selena-gomez-su-actuacion-marshmello-claro-ganador-final-ucl\">Selena <\/a>discute abiertamente las expectativas poco realistas establecidas por la sociedad, imposibles de lograr:<\/p>\n<p><!-- BREAK 4 --><\/p>\n<blockquote><p>\u00abEl mensaje era lo m\u00e1s importante para m\u00ed. Trabajo en una industria muy enfocada en la perfecci\u00f3n y a las expectaciones no realistas. Tengo mucha suerte de hacer sesiones de fotos alucinantes, pero esa imagen no es la real durante el d\u00eda a d\u00eda. <strong>Quer\u00eda crear una marca que eliminara el perfeccionismo que la gente cree que necesita<\/strong>\u00ab.<\/p><\/blockquote>\n<div class=\"article-asset article-asset-normal article-asset-center\">\n<div class=\"desvio-container\">\n<div class=\"desvio\">\n<div class=\"desvio-figure js-desvio-figure\"> <a href=\"https:\/\/www.trendencias.com\/belleza\/esmaltes-unas-veganos-libres-toxicos-opcion-manicura-pedicura-natural-respetuosa\"> <img alt=\"Esmaltes de u\u00f1as veganos: una opci\u00f3n de manicura o pedicura m\u00e1s natural y respetuosa\" src=\"http:\/\/hoycordobaweb.com\/wp-content\/uploads\/2021\/06\/selena-gomez-sobre-su-marca-de-maquillaje-rare-beauty-reivindica-el-amor-propio-y-desafia-el-canon-de-belleza-2.jpg\"> <\/a> <\/div><\/div><\/div>\n<\/div>\n<div class=\"article-asset-image article-asset-normal article-asset-center\">\n<div class=\"asset-content\">\n<div class=\"base-wrapper-image\"> <img class=\"sf-lazy centro_sinmarco\" data-sf-srcset=\"http:\/\/hoycordobaweb.com\/wp-content\/uploads\/2021\/06\/selena-gomez-sobre-su-marca-de-maquillaje-rare-beauty-reivindica-el-amor-propio-y-desafia-el-canon-de-belleza-3.jpg 450w, http:\/\/hoycordobaweb.com\/wp-content\/uploads\/2021\/06\/selena-gomez-sobre-su-marca-de-maquillaje-rare-beauty-reivindica-el-amor-propio-y-desafia-el-canon-de-belleza-10.jpg 681w,http:\/\/hoycordobaweb.com\/wp-content\/uploads\/2021\/06\/selena-gomez-sobre-su-marca-de-maquillaje-rare-beauty-reivindica-el-amor-propio-y-desafia-el-canon-de-belleza-11.jpg 1024w, http:\/\/hoycordobaweb.com\/wp-content\/uploads\/2021\/06\/selena-gomez-sobre-su-marca-de-maquillaje-rare-beauty-reivindica-el-amor-propio-y-desafia-el-canon-de-belleza-12.jpg 1366w,\" data-sf-src=\"http:\/\/hoycordobaweb.com\/wp-content\/uploads\/2021\/06\/selena-gomez-sobre-su-marca-de-maquillaje-rare-beauty-reivindica-el-amor-propio-y-desafia-el-canon-de-belleza-3.jpg\" alt=\"Rarebeauty 135308135 1580854408781016 6972463316800651105 N\"> <noscript><img alt=\"Rarebeauty 135308135 1580854408781016 6972463316800651105 N\" class=\"centro_sinmarco\" src=\"http:\/\/hoycordobaweb.com\/wp-content\/uploads\/2021\/06\/selena-gomez-sobre-su-marca-de-maquillaje-rare-beauty-reivindica-el-amor-propio-y-desafia-el-canon-de-belleza-3.jpg\"><\/noscript> <\/div><\/div>\n<\/div>\n<p>Se trata de usar el maquillaje como una herramienta para celebrar lo que hace a las personas diferentes y llegar a un lugar de amor propio y aceptaci\u00f3n.<\/p>\n<p><!-- BREAK 5 --><\/p>\n<blockquote><p>\u00abLa idea es que sea perfecta para alguien que sepa maquillarse bien, pero tambi\u00e9n para alguien como yo que solo usa un poco de base y colorete\u00bb.<\/p><\/blockquote>\n<p>Por eso, con la selecci\u00f3n de productos que incluye la firma, su idea era celebrar lo que nos hace raros.<\/p>\n<p><!-- BREAK 6 --><\/p>\n<blockquote><p>\u00abQuer\u00eda que fuera una marca de la que estar orgullosa, diferente a todas las dem\u00e1s\u00bb.<\/p><\/blockquote>\n<p>Durante la <em>masterclass<\/em>, la fundadora y creadora de Rare Beauty tambi\u00e9n habl\u00f3 de la importancia de la <a href=\"https:\/\/www.trendencias.com\/psicologia-1\/hablemos-salud-mental-todos-estos-famosos-estan-contando-sus-trastornos-psicologicos-para-romper-tabus-que-nadie-sufra-buscar-ayuda\">salud mental<\/a> para la marca.<\/p>\n<p><!-- BREAK 7 --><\/p>\n<blockquote><p>\u00abSiento que lo m\u00e1s importante que puedo hacer mientras est\u00e9 en este planeta es <a href=\"https:\/\/www.trendencias.com\/celebrities-2\/nueva-meta-selena-gomez-recaudar-100-millones-dolares-personas-recursos-tengan-acceso-a-salud-mental\">concienciar sobre salud mental<\/a> y representar a gente de todo el mundo que sufre los mismos retos que yo\u00bb.<\/p><\/blockquote>\n<div class=\"article-asset article-asset-normal article-asset-center\">\n<div class=\"desvio-container\">\n<div class=\"desvio\">\n<div class=\"desvio-figure js-desvio-figure\"> <a href=\"https:\/\/www.trendencias.com\/belleza\/siete-planchas-pelo-que-te-ayudan-a-lograr-look-liso-tabla-aitana\"> <img alt=\"Siete planchas de pelo que te ayudan a lograr el look liso tabla de Aitana\" src=\"http:\/\/hoycordobaweb.com\/wp-content\/uploads\/2021\/06\/selena-gomez-sobre-su-marca-de-maquillaje-rare-beauty-reivindica-el-amor-propio-y-desafia-el-canon-de-belleza-4.jpg\"> <\/a> <\/div><\/div><\/div>\n<\/div>\n<div class=\"article-asset-image article-asset-normal article-asset-center\">\n<div class=\"asset-content\">\n<div class=\"base-wrapper-image\"> <img class=\"sf-lazy centro_sinmarco\" data-sf-srcset=\"http:\/\/hoycordobaweb.com\/wp-content\/uploads\/2021\/06\/selena-gomez-sobre-su-marca-de-maquillaje-rare-beauty-reivindica-el-amor-propio-y-desafia-el-canon-de-belleza-5.jpg 450w, http:\/\/hoycordobaweb.com\/wp-content\/uploads\/2021\/06\/selena-gomez-sobre-su-marca-de-maquillaje-rare-beauty-reivindica-el-amor-propio-y-desafia-el-canon-de-belleza-13.jpg 681w,http:\/\/hoycordobaweb.com\/wp-content\/uploads\/2021\/06\/selena-gomez-sobre-su-marca-de-maquillaje-rare-beauty-reivindica-el-amor-propio-y-desafia-el-canon-de-belleza-14.jpg 1024w, http:\/\/hoycordobaweb.com\/wp-content\/uploads\/2021\/06\/selena-gomez-sobre-su-marca-de-maquillaje-rare-beauty-reivindica-el-amor-propio-y-desafia-el-canon-de-belleza-15.jpg 1366w,\" data-sf-src=\"http:\/\/hoycordobaweb.com\/wp-content\/uploads\/2021\/06\/selena-gomez-sobre-su-marca-de-maquillaje-rare-beauty-reivindica-el-amor-propio-y-desafia-el-canon-de-belleza-5.jpg\" alt=\"Rarebeauty 142424881 513871699579207 6119520641659095587 N\"> <noscript><img alt=\"Rarebeauty 142424881 513871699579207 6119520641659095587 N\" class=\"centro_sinmarco\" src=\"http:\/\/hoycordobaweb.com\/wp-content\/uploads\/2021\/06\/selena-gomez-sobre-su-marca-de-maquillaje-rare-beauty-reivindica-el-amor-propio-y-desafia-el-canon-de-belleza-5.jpg\"><\/noscript> <\/div><\/div>\n<\/div>\n<p>&#8216;Rare Beauty&#8217; lanzar\u00e1 una <strong>completa gama de maquillaje<\/strong> pensada para todos los tipos y tonos de piel.<\/p>\n<p><!-- BREAK 8 --><\/p>\n<p><strong>Para la tez<\/strong>, una bruma hidratante, un primer de maquillaje, una base ligera en 32 tonos, un corrector disponible en otros 32 tonos y dos brochas veganas para la aplicaci\u00f3n del <em>fond de teint<\/em> y el corrector.<\/p>\n<p><!-- BREAK 9 --><\/p>\n<p><strong>Para las cejas<\/strong> destaca su l\u00e1piz con cepillo incorporado, mientras que el <em>eyeliner<\/em> tiene m\u00e1s de 1.000 fibras veganas para un trazo impecable.<\/p>\n<p><!-- BREAK 10 --><\/p>\n<p><strong>Para los ojos<\/strong>, &#8216;Rare Beauty&#8217; propone cinco sombras l\u00edquidas <em>waterproof<\/em>. Destaca su iluminador l\u00edquido, en nada menos que ocho tonos, y dos tipos de colorete: uno l\u00edquido y otro en crema, en 8 y 5 tonos respectivamente.<\/p>\n<p><!-- BREAK 11 --><\/p>\n<p><strong>Los labios<\/strong> cuentan con hasta tres texturas: una f\u00f3rmula mate y l\u00edquida (12 tonos), una barra labial hidratante con color (8 tonos) y un gloss-b\u00e1lsamo semitransparente (5 tonos). Destaca el kit de retoque Blot &amp; Glow, un compacto rellenable con papel matificante y polvos <em>soft focus<\/em>.<\/p>\n<p><!-- BREAK 12 --><\/p>\n<p>Fotos | <a href=\"https:\/\/www.instagram.com\/rarebeauty\/?hl=en\">@rarebeauty<\/a><\/p>\n","protected":false},"excerpt":{"rendered":"<p>Desde que nos enteramos de que &#8216;Rare Beauty&#8216; (la marca de maquillaje creada por Selena Gomez) llegaba a Espa\u00f1a, contamos los d\u00edas. El esperado lanzamiento en nuestro pa\u00eds se producir\u00e1 el pr\u00f3ximo 1 de julio. A partir de entonces, podremos comprar en Sephora los productos de maquillaje que Selena ha estado dando forma durante los [&hellip;]<\/p>\n","protected":false},"author":1,"featured_media":22990,"comment_status":"closed","ping_status":"closed","sticky":false,"template":"","format":"standard","meta":[],"categories":[1],"tags":[],"_links":{"self":[{"href":"http:\/\/hoycordobaweb.com\/index.php\/wp-json\/wp\/v2\/posts\/22989"}],"collection":[{"href":"http:\/\/hoycordobaweb.com\/index.php\/wp-json\/wp\/v2\/posts"}],"about":[{"href":"http:\/\/hoycordobaweb.com\/index.php\/wp-json\/wp\/v2\/types\/post"}],"author":[{"embeddable":true,"href":"http:\/\/hoycordobaweb.com\/index.php\/wp-json\/wp\/v2\/users\/1"}],"replies":[{"embeddable":true,"href":"http:\/\/hoycordobaweb.com\/index.php\/wp-json\/wp\/v2\/comments?post=22989"}],"version-history":[{"count":0,"href":"http:\/\/hoycordobaweb.com\/index.php\/wp-json\/wp\/v2\/posts\/22989\/revisions"}],"wp:featuredmedia":[{"embeddable":true,"href":"http:\/\/hoycordobaweb.com\/index.php\/wp-json\/wp\/v2\/media\/22990"}],"wp:attachment":[{"href":"http:\/\/hoycordobaweb.com\/index.php\/wp-json\/wp\/v2\/media?parent=22989"}],"wp:term":[{"taxonomy":"category","embeddable":true,"href":"http:\/\/hoycordobaweb.com\/index.php\/wp-json\/wp\/v2\/categories?post=22989"},{"taxonomy":"post_tag","embeddable":true,"href":"http:\/\/hoycordobaweb.com\/index.php\/wp-json\/wp\/v2\/tags?post=22989"}],"curies":[{"name":"wp","href":"https:\/\/api.w.org\/{rel}","templated":true}]}}