{"id":22933,"date":"2021-06-16T18:28:40","date_gmt":"2021-06-16T18:28:40","guid":{"rendered":"http:\/\/hoycordobaweb.com\/index.php\/2021\/06\/16\/el-exentrenador-de-futbol-argentino-basile-es-internado-por-covid-19-y-la-neumonia-bilateral\/"},"modified":"2021-06-16T18:28:40","modified_gmt":"2021-06-16T18:28:40","slug":"el-exentrenador-de-futbol-argentino-basile-es-internado-por-covid-19-y-la-neumonia-bilateral","status":"publish","type":"post","link":"http:\/\/hoycordobaweb.com\/index.php\/2021\/06\/16\/el-exentrenador-de-futbol-argentino-basile-es-internado-por-covid-19-y-la-neumonia-bilateral\/","title":{"rendered":"El exentrenador de <b>f\u00fatbol argentino<\/b> Basile es internado por COVID-19 y la neumon\u00eda bilateral"},"content":{"rendered":"<p>BUENOS AIRES (Sputnik) \u2014 El ext\u00e9cnico de la selecci\u00f3n <b>argentina<\/b> Alfio Basile fue ingresado con un cuadro de neumon\u00eda bilateral tras contagiarse&nbsp;&#8230; <\/p>\n","protected":false},"excerpt":{"rendered":"<p>BUENOS AIRES (Sputnik) \u2014 El ext\u00e9cnico de la selecci\u00f3n argentina Alfio Basile fue ingresado con un cuadro de neumon\u00eda bilateral tras contagiarse&nbsp;&#8230;<\/p>\n","protected":false},"author":1,"featured_media":0,"comment_status":"closed","ping_status":"closed","sticky":false,"template":"","format":"standard","meta":[],"categories":[22],"tags":[],"_links":{"self":[{"href":"http:\/\/hoycordobaweb.com\/index.php\/wp-json\/wp\/v2\/posts\/22933"}],"collection":[{"href":"http:\/\/hoycordobaweb.com\/index.php\/wp-json\/wp\/v2\/posts"}],"about":[{"href":"http:\/\/hoycordobaweb.com\/index.php\/wp-json\/wp\/v2\/types\/post"}],"author":[{"embeddable":true,"href":"http:\/\/hoycordobaweb.com\/index.php\/wp-json\/wp\/v2\/users\/1"}],"replies":[{"embeddable":true,"href":"http:\/\/hoycordobaweb.com\/index.php\/wp-json\/wp\/v2\/comments?post=22933"}],"version-history":[{"count":0,"href":"http:\/\/hoycordobaweb.com\/index.php\/wp-json\/wp\/v2\/posts\/22933\/revisions"}],"wp:attachment":[{"href":"http:\/\/hoycordobaweb.com\/index.php\/wp-json\/wp\/v2\/media?parent=22933"}],"wp:term":[{"taxonomy":"category","embeddable":true,"href":"http:\/\/hoycordobaweb.com\/index.php\/wp-json\/wp\/v2\/categories?post=22933"},{"taxonomy":"post_tag","embeddable":true,"href":"http:\/\/hoycordobaweb.com\/index.php\/wp-json\/wp\/v2\/tags?post=22933"}],"curies":[{"name":"wp","href":"https:\/\/api.w.org\/{rel}","templated":true}]}}