{"id":22923,"date":"2021-06-15T23:43:31","date_gmt":"2021-06-15T23:43:31","guid":{"rendered":"http:\/\/fono.fcm.unc.edu.ar\/?p=6310"},"modified":"2021-06-15T23:43:31","modified_gmt":"2021-06-15T23:43:31","slug":"15-de-junio-dia-mundial-de-toma-de-conciencia-del-abuso-y-maltrato-a-la-vejez","status":"publish","type":"post","link":"http:\/\/hoycordobaweb.com\/index.php\/2021\/06\/15\/15-de-junio-dia-mundial-de-toma-de-conciencia-del-abuso-y-maltrato-a-la-vejez\/","title":{"rendered":"15 de junio: \u00abD\u00eda Mundial de Toma de Conciencia del Abuso y Maltrato a la Vejez\u00bb"},"content":{"rendered":"<h2 class=\"fusion-post-title\">15 de junio: \u00abD\u00eda Mundial de Toma de Conciencia del Abuso y Maltrato a la Vejez\u00bb<\/h2>\n<div class=\"post-content\" readability=\"47\">\n<p><img loading=\"lazy\" class=\"alignright wp-image-6312 size-fusion-400\" src=\"https:\/\/fono.fcm.unc.edu.ar\/wp-content\/uploads\/sites\/14\/2021\/06\/FB_IMG_1623800322020-400x400.jpg\" alt width=\"400\" height=\"400\" srcset=\"https:\/\/fono.fcm.unc.edu.ar\/wp-content\/uploads\/sites\/14\/2021\/06\/FB_IMG_1623800322020-66x66.jpg 66w, https:\/\/fono.fcm.unc.edu.ar\/wp-content\/uploads\/sites\/14\/2021\/06\/FB_IMG_1623800322020-150x150.jpg 150w, https:\/\/fono.fcm.unc.edu.ar\/wp-content\/uploads\/sites\/14\/2021\/06\/FB_IMG_1623800322020-200x200.jpg 200w, https:\/\/fono.fcm.unc.edu.ar\/wp-content\/uploads\/sites\/14\/2021\/06\/FB_IMG_1623800322020-300x300.jpg 300w, https:\/\/fono.fcm.unc.edu.ar\/wp-content\/uploads\/sites\/14\/2021\/06\/FB_IMG_1623800322020-400x400.jpg 400w, https:\/\/fono.fcm.unc.edu.ar\/wp-content\/uploads\/sites\/14\/2021\/06\/FB_IMG_1623800322020-600x600.jpg 600w, https:\/\/fono.fcm.unc.edu.ar\/wp-content\/uploads\/sites\/14\/2021\/06\/FB_IMG_1623800322020-768x768.jpg 768w, https:\/\/fono.fcm.unc.edu.ar\/wp-content\/uploads\/sites\/14\/2021\/06\/FB_IMG_1623800322020-800x800.jpg 800w, https:\/\/fono.fcm.unc.edu.ar\/wp-content\/uploads\/sites\/14\/2021\/06\/FB_IMG_1623800322020-1024x1024.jpg 1024w, https:\/\/fono.fcm.unc.edu.ar\/wp-content\/uploads\/sites\/14\/2021\/06\/FB_IMG_1623800322020.jpg 1080w\" sizes=\"(max-width: 400px) 100vw, 400px\">En el 2011 las Naciones Unidas reconocieron el abuso a las personas mayores como un problema social, declarando el 15 de junio como el \u00abD\u00eda Mundial de Toma de Conciencia del Abuso y Maltrato a la Vejez\u00bb.<\/p>\n<p>El maltrato hacia las personas mayores ha sido definido como \u201cun acto \u00fanico o repetido que causa da\u00f1o o sufrimiento a una persona de edad, o la falta de medidas apropiadas para evitarlo, que se produce en una relaci\u00f3n basada en la confianza\u201d. Puede adoptar diversas formas, como el maltrato f\u00edsico, ps\u00edquico, emocional o sexual, y el abuso de confianza en cuestiones econ\u00f3micas; o ser el resultado de la negligencia, sea \u00e9sta intencional o no.<\/p>\n<\/p><\/div>\n","protected":false},"excerpt":{"rendered":"<p>15 de junio: \u00abD\u00eda Mundial de Toma de Conciencia del Abuso y Maltrato a la Vejez\u00bb En el 2011 las Naciones Unidas reconocieron el abuso a las personas mayores como un problema social, declarando el 15 de junio como el \u00abD\u00eda Mundial de Toma de Conciencia del Abuso y Maltrato a la Vejez\u00bb. El maltrato [&hellip;]<\/p>\n","protected":false},"author":1,"featured_media":0,"comment_status":"closed","ping_status":"closed","sticky":false,"template":"","format":"standard","meta":[],"categories":[1],"tags":[],"_links":{"self":[{"href":"http:\/\/hoycordobaweb.com\/index.php\/wp-json\/wp\/v2\/posts\/22923"}],"collection":[{"href":"http:\/\/hoycordobaweb.com\/index.php\/wp-json\/wp\/v2\/posts"}],"about":[{"href":"http:\/\/hoycordobaweb.com\/index.php\/wp-json\/wp\/v2\/types\/post"}],"author":[{"embeddable":true,"href":"http:\/\/hoycordobaweb.com\/index.php\/wp-json\/wp\/v2\/users\/1"}],"replies":[{"embeddable":true,"href":"http:\/\/hoycordobaweb.com\/index.php\/wp-json\/wp\/v2\/comments?post=22923"}],"version-history":[{"count":0,"href":"http:\/\/hoycordobaweb.com\/index.php\/wp-json\/wp\/v2\/posts\/22923\/revisions"}],"wp:attachment":[{"href":"http:\/\/hoycordobaweb.com\/index.php\/wp-json\/wp\/v2\/media?parent=22923"}],"wp:term":[{"taxonomy":"category","embeddable":true,"href":"http:\/\/hoycordobaweb.com\/index.php\/wp-json\/wp\/v2\/categories?post=22923"},{"taxonomy":"post_tag","embeddable":true,"href":"http:\/\/hoycordobaweb.com\/index.php\/wp-json\/wp\/v2\/tags?post=22923"}],"curies":[{"name":"wp","href":"https:\/\/api.w.org\/{rel}","templated":true}]}}