{"id":228,"date":"2020-08-27T13:19:18","date_gmt":"2020-08-27T13:19:18","guid":{"rendered":"https:\/\/www.perfil.com\/noticias\/politica\/council-of-the-americas-2020-segui-en-vivo-la-conferencia.phtml"},"modified":"2020-08-27T13:19:18","modified_gmt":"2020-08-27T13:19:18","slug":"council-of-the-americas-2020-segui-en-vivo-la-conferencia","status":"publish","type":"post","link":"http:\/\/hoycordobaweb.com\/index.php\/2020\/08\/27\/council-of-the-americas-2020-segui-en-vivo-la-conferencia\/","title":{"rendered":"Council of the Americas 2020: segu\u00ed en vivo la conferencia"},"content":{"rendered":"<p><img src=\"http:\/\/hoycordobaweb.com\/wp-content\/uploads\/2020\/08\/council-of-the-americas-2020-segui-en-vivo-la-conferencia.jpg\"><\/p>\n<div><img src=\"http:\/\/hoycordobaweb.com\/wp-content\/uploads\/2020\/08\/council-of-the-americas-2020-segui-en-vivo-la-conferencia-1.jpg\" class=\"ff-og-image-inserted\"><\/div>\n<aside class=\"relatedPost\">\n<h3>M\u00e1s noticias de politica<\/h3>\n<\/aside>\n<p>El evento anual del<strong> Council of the Americas <\/strong>se realiza este jueves,<strong> bajo el lema \u00abArgentina: perspectivas econ\u00f3micas y pol\u00edticas\u00bb<\/strong>, con la presencia del jefe de Gabinete, Santiago Cafiero; los ministros Mat\u00edas Kulfas, Felipe Sol\u00e1 y Gines Gonz\u00e1lez Garc\u00eda; el embajador Jorge Arg\u00fcello; el titular del Banco Central, Miguel Pesce; y el jefe de Gobierno porte\u00f1o, Horacio Rodr\u00edguez Larreta.<\/p>\n<p>El encuentro -que para su realizaci\u00f3n tiene como socio local a la C\u00e1mara Argentina de Comercio (CAC)- <strong>se lleva a cabo v\u00eda streaming <\/strong>a trav\u00e9s de la p\u00e1gina oficial del Council a partir de las 9.<\/p>\n<p>En base a la agenda del evento, de 9 a 9:30,<strong> la apertura estuvo a cargo de Jorge Luis Di Fiori, presidente de la CAC<\/strong>; Susan Segal, presidente de Americas Society\/Council of the Americas; y el jefe de Gobierno porte\u00f1o, Horacio Rodr\u00edguez Larreta.<\/p>\n<h3>La Agenda de Disertantes<\/h3>\n<p>Posteriormente, de 9:30 a 9:45, expone el jefe de Gabinete, Santiago Cafiero; seguido, de 9:45 a 10:00, por el canciller Felipe Sol\u00e1; de 10:00 a 10:15, por el ministro de Desarrollo Productivo, Mat\u00edas Kulfas; y, de 10:15 a 10:30, por el presidente del Banco Central de la Rep\u00fablica Argentina, Miguel \u00c1ngel Pesce.<\/p>\n<p>Tras un receso, a las 10:45 ser\u00e1 el turno del embajador argentino en Estados Unidos, Jorge Arg\u00fcello; y posteriormente, de 11:00 a 11:45, se llevar\u00e1 a cabo un panel en ingl\u00e9s bajo el t\u00edtulo \u00abPlanning for a Sustainable Economic Recovery\u00bb, con Joyce Chang, director del J.P. Morgan; y James Scriven, CEO de IDB Invest, moderado por Segal.<\/p>\n<p>En el cierre, de 11:45 a 12:00, disertar\u00e1 el el ministro de Salud Gin\u00e9s Gonz\u00e1lez Garc\u00eda.<\/p>\n<p>El evento cuenta con la <strong>colaboraci\u00f3n<\/strong> de la Asociaci\u00f3n de Bancos P\u00fablicos y Privados de la Rep\u00fablica Argentina (Abappra), la Asociaci\u00f3n de Bancos Argentinos (Adeba), Argencon, Asociaci\u00f3n Empresaria Argentina, C\u00e1mara de Comercio de los Estados Unidos en Argentina (AmCham) y Endeavor Argentina (EA).<\/p>\n","protected":false},"excerpt":{"rendered":"<p>M\u00e1s noticias de politica El evento anual del Council of the Americas se realiza este jueves, bajo el lema \u00abArgentina: perspectivas econ\u00f3micas y pol\u00edticas\u00bb, con la presencia del jefe de Gabinete, Santiago Cafiero; los ministros Mat\u00edas Kulfas, Felipe Sol\u00e1 y Gines Gonz\u00e1lez Garc\u00eda; el embajador Jorge Arg\u00fcello; el titular del Banco Central, Miguel Pesce; y [&hellip;]<\/p>\n","protected":false},"author":1,"featured_media":0,"comment_status":"closed","ping_status":"closed","sticky":false,"template":"","format":"standard","meta":[],"categories":[2],"tags":[],"_links":{"self":[{"href":"http:\/\/hoycordobaweb.com\/index.php\/wp-json\/wp\/v2\/posts\/228"}],"collection":[{"href":"http:\/\/hoycordobaweb.com\/index.php\/wp-json\/wp\/v2\/posts"}],"about":[{"href":"http:\/\/hoycordobaweb.com\/index.php\/wp-json\/wp\/v2\/types\/post"}],"author":[{"embeddable":true,"href":"http:\/\/hoycordobaweb.com\/index.php\/wp-json\/wp\/v2\/users\/1"}],"replies":[{"embeddable":true,"href":"http:\/\/hoycordobaweb.com\/index.php\/wp-json\/wp\/v2\/comments?post=228"}],"version-history":[{"count":0,"href":"http:\/\/hoycordobaweb.com\/index.php\/wp-json\/wp\/v2\/posts\/228\/revisions"}],"wp:attachment":[{"href":"http:\/\/hoycordobaweb.com\/index.php\/wp-json\/wp\/v2\/media?parent=228"}],"wp:term":[{"taxonomy":"category","embeddable":true,"href":"http:\/\/hoycordobaweb.com\/index.php\/wp-json\/wp\/v2\/categories?post=228"},{"taxonomy":"post_tag","embeddable":true,"href":"http:\/\/hoycordobaweb.com\/index.php\/wp-json\/wp\/v2\/tags?post=228"}],"curies":[{"name":"wp","href":"https:\/\/api.w.org\/{rel}","templated":true}]}}