{"id":22776,"date":"2021-06-14T20:01:35","date_gmt":"2021-06-14T20:01:35","guid":{"rendered":"https:\/\/www.ole.com.ar\/river-plate\/enzo-fernandez-falto-defensa-river_0_T17vjzvk9.html"},"modified":"2021-06-14T20:01:35","modified_gmt":"2021-06-14T20:01:35","slug":"atento-river-enzo-fernandez-no-fue-al-entrenamiento-de-defensa","status":"publish","type":"post","link":"http:\/\/hoycordobaweb.com\/index.php\/2021\/06\/14\/atento-river-enzo-fernandez-no-fue-al-entrenamiento-de-defensa\/","title":{"rendered":"Atento River: Enzo Fern\u00e1ndez no fue al entrenamiento de Defensa"},"content":{"rendered":"<p><img src=\"http:\/\/hoycordobaweb.com\/wp-content\/uploads\/2021\/06\/atento-river-enzo-fernandez-no-fue-al-entrenamiento-de-defensa.jpg\"><\/p>\n<p>\u00abQuiero estar en River, es mi deseo, mi sue\u00f1o\u00bb. Enzo Fern\u00e1ndez tiene claro d\u00f3nde quiere jugar el pr\u00f3ximo semestre:&nbsp;pretende que en Defensa y Justicia acepten la propuesta que enviaron desde N\u00fa\u00f1ez para interrumpir el pr\u00e9stamo que vence en diciembre de este a\u00f1o. Pero por lo pronto, deb\u00eda presentarse al reinicio de los entrenamientos del equipo de Becaccece este lunes, cosa que no hizo. S\u00ed, se ausent\u00f3 en la primera pr\u00e1ctica&#8230;<\/p>\n<div class=\"widget newsletter-embeb newsletter\" grupo=\"109\" titulo=\"Recib\u00ed las noticias de River\">\n<article>\n<div class=\"bd\">\n<div class=\"mt\">\n<span class=\"title-box\">Recib\u00ed las noticias de River<\/span><br \/>\n<span class=\"subtitle-box\">Suscribite<\/span><\/p>\n<h4>Entrevistas, an\u00e1lisis, el d\u00eda a d\u00eda de tu equipo. Toda la info de tu club<\/h4>\n<div class=\"bt\">\n<p>Recibir newsletter<\/p>\n<\/div>\n<\/div>\n<figure>\n<img alt=\"Entrevistas, an\u00e1lisis, el d\u00eda a d\u00eda de tu equipo. Toda la info de tu club\" src=\"http:\/\/hoycordobaweb.com\/wp-content\/uploads\/2021\/06\/atento-river-enzo-fernandez-no-fue-al-entrenamiento-de-defensa-2.jpg\" observer data-observer-function=\"loadLazyImg\"><br \/>\n<\/figure>\n<\/div>\n<\/article>\n<\/div>\n<p>Noticia en desarrollo&#8230;<\/p>\n<div class=\"sp__SM\">\n<div class=\"content-new \">\n<span class=\"tit-mobile\">Mir\u00e1 tambi\u00e9n<\/span><\/p>\n<div class=\"mg\">\n<div class=\"wrap-figure\">\n<figure>\n<a href=\"https:\/\/www.ole.com.ar\/seleccion\/martinez-quarta-papa-tercer-hijo-alba_0_MMic1faPh.html\" target=\"_self\" rel=\"noopener noreferrer\"><br \/>\n<img class=\"img-responsive\" alt=\"A horas de jugar con Argentina, Mart\u00ednez Quarta fue pap\u00e1 nuevamente\" src=\"https:\/\/images.ole.com.ar\/collections\/static\/lazy_square.svg\" data-big=\"https:\/\/images.ole.com.ar\/2021\/06\/14\/g38kIbZFe_290x290__1.jpg\" data-small=\"https:\/\/images.ole.com.ar\/2021\/06\/14\/g38kIbZFe_290x290__1.jpg\" observer data-observer-function=\"loadLazyImg\"><br \/>\n<\/a><br \/>\n<\/figure>\n<\/div>\n<\/div><\/div>\n<\/div>\n<div class=\"sp__SM\">\n<div class=\"content-new \">\n<span class=\"tit-mobile\">Mir\u00e1 tambi\u00e9n<\/span><\/p>\n<div class=\"mg\">\n<div class=\"wrap-figure\">\n<figure>\n<a href=\"https:\/\/www.ole.com.ar\/river-plate\/rafael-borre-seleccion-colombia-river_0_COE19AOPu.html\" target=\"_self\" rel=\"noopener noreferrer\"><br \/>\n<img class=\"img-responsive\" alt=\"Borr\u00e9, con rodaje en Colombia y novedades\" src=\"https:\/\/images.ole.com.ar\/collections\/static\/lazy_square.svg\" data-big=\"https:\/\/images.ole.com.ar\/2021\/06\/14\/SBG4z9BN0_290x290__1.jpg\" data-small=\"https:\/\/images.ole.com.ar\/2021\/06\/14\/SBG4z9BN0_290x290__1.jpg\" observer data-observer-function=\"loadLazyImg\"><br \/>\n<\/a><br \/>\n<\/figure>\n<\/div>\n<\/div><\/div>\n<\/div>\n<div class=\"sp__SM\">\n<div class=\"content-new \">\n<span class=\"tit-mobile\">Mir\u00e1 tambi\u00e9n<\/span><\/p>\n<div class=\"mg\">\n<div class=\"wrap-figure\">\n<figure>\n<a href=\"https:\/\/www.ole.com.ar\/river-plate\/river-plate-marcelo-gallardo-refuerzos_0_WMnsm_1R2.html\" target=\"_self\" rel=\"noopener noreferrer\"><br \/>\n<img class=\"img-responsive\" alt=\"Encuesta Ol\u00e9: \u00bfqu\u00e9 puestos deber\u00eda reforzar River?\" src=\"https:\/\/images.ole.com.ar\/collections\/static\/lazy_square.svg\" data-big=\"https:\/\/images.ole.com.ar\/2021\/06\/14\/Fdc30gN30_290x290__1.jpg\" data-small=\"https:\/\/images.ole.com.ar\/2021\/06\/14\/Fdc30gN30_290x290__1.jpg\" observer data-observer-function=\"loadLazyImg\"><br \/>\n<\/a><br \/>\n<\/figure>\n<\/div>\n<\/div><\/div>\n<\/div>\n<div class=\"sp__SM\">\n<div class=\"content-new \">\n<span class=\"tit-mobile\">Mir\u00e1 tambi\u00e9n<\/span><\/p>\n<div class=\"mg\">\n<div class=\"wrap-figure\">\n<figure>\n<a href=\"https:\/\/www.ole.com.ar\/river-plate\/pity-martinez-gol-river-libertadores_0_oTIlsxlB8.html\" target=\"_self\" rel=\"noopener noreferrer\"><br \/>\n<img class=\"img-responsive\" alt=\"Lo que el cumple del Pity les record\u00f3 a los hinchas de River\" src=\"https:\/\/images.ole.com.ar\/collections\/static\/lazy_square.svg\" data-big=\"https:\/\/images.ole.com.ar\/2021\/06\/14\/DC0dzUY_M_290x290__1.jpg\" data-small=\"https:\/\/images.ole.com.ar\/2021\/06\/14\/DC0dzUY_M_290x290__1.jpg\" observer data-observer-function=\"loadLazyImg\"><br \/>\n<\/a><br \/>\n<\/figure>\n<\/div>\n<\/div><\/div>\n<\/div>\n<div class=\"entry-tags\">\n<h2>TEMAS QUE APARECEN EN ESTA NOTA<\/h2>\n<\/p><\/div>\n<section class=\"comments col-lg-12 mb20\" id=\"comments\" readability=\"2.8544474393531\">\n<div id=\"mainCommentsDivPase\" class=\"collapse in\">\n<div class=\"comment-band\" readability=\"6\">\n<div class=\"text\" readability=\"7\">\n<p><span><\/span>Comentar las notas de Ol\u00e9 es exclusivo para usuarios logueados.<\/p>\n<\/div>\n<\/div><\/div>\n<div id=\"error_message_active\" class=\"mfp-hide white-popup-block modal-activacion\" readability=\"8.6594594594595\">\n<h5>Ol\u00e9<\/h5>\n<p>Para comentar deb\u00e9s activar tu cuenta haciendo clic en el e-mail que te enviamos a la casilla.<br \/>Si ya lo hiciste y todav\u00eda no pod\u00e9s comentar, por favor volv\u00e9 a loguearte. <span id=\"targetName\"><\/span>\n<\/p>\n<\/p><\/div>\n<div id=\"error_message_name\" class=\"mfp-hide white-popup-block modal-activacion modal-nombre\" readability=\"7\">\n<h5>Ol\u00e9<\/h5>\n<p>Para comentar nuestras notas por favor complet\u00e1 los siguientes datos.<\/p>\n<\/p><\/div>\n<link href=\"\/contents\/news\/css\/comments.css?a129e14\" defer type=\"text\/css\" rel=\"stylesheet\">\n<\/section>\n","protected":false},"excerpt":{"rendered":"<p>\u00abQuiero estar en River, es mi deseo, mi sue\u00f1o\u00bb. Enzo Fern\u00e1ndez tiene claro d\u00f3nde quiere jugar el pr\u00f3ximo semestre:&nbsp;pretende que en Defensa y Justicia acepten la propuesta que enviaron desde N\u00fa\u00f1ez para interrumpir el pr\u00e9stamo que vence en diciembre de este a\u00f1o. Pero por lo pronto, deb\u00eda presentarse al reinicio de los entrenamientos del equipo [&hellip;]<\/p>\n","protected":false},"author":1,"featured_media":22777,"comment_status":"open","ping_status":"closed","sticky":false,"template":"","format":"standard","meta":[],"categories":[16],"tags":[],"_links":{"self":[{"href":"http:\/\/hoycordobaweb.com\/index.php\/wp-json\/wp\/v2\/posts\/22776"}],"collection":[{"href":"http:\/\/hoycordobaweb.com\/index.php\/wp-json\/wp\/v2\/posts"}],"about":[{"href":"http:\/\/hoycordobaweb.com\/index.php\/wp-json\/wp\/v2\/types\/post"}],"author":[{"embeddable":true,"href":"http:\/\/hoycordobaweb.com\/index.php\/wp-json\/wp\/v2\/users\/1"}],"replies":[{"embeddable":true,"href":"http:\/\/hoycordobaweb.com\/index.php\/wp-json\/wp\/v2\/comments?post=22776"}],"version-history":[{"count":0,"href":"http:\/\/hoycordobaweb.com\/index.php\/wp-json\/wp\/v2\/posts\/22776\/revisions"}],"wp:featuredmedia":[{"embeddable":true,"href":"http:\/\/hoycordobaweb.com\/index.php\/wp-json\/wp\/v2\/media\/22777"}],"wp:attachment":[{"href":"http:\/\/hoycordobaweb.com\/index.php\/wp-json\/wp\/v2\/media?parent=22776"}],"wp:term":[{"taxonomy":"category","embeddable":true,"href":"http:\/\/hoycordobaweb.com\/index.php\/wp-json\/wp\/v2\/categories?post=22776"},{"taxonomy":"post_tag","embeddable":true,"href":"http:\/\/hoycordobaweb.com\/index.php\/wp-json\/wp\/v2\/tags?post=22776"}],"curies":[{"name":"wp","href":"https:\/\/api.w.org\/{rel}","templated":true}]}}