{"id":22765,"date":"2021-06-14T18:00:00","date_gmt":"2021-06-14T18:00:00","guid":{"rendered":"http:\/\/hoycordobaweb.com\/index.php\/2021\/06\/14\/esteban-andrada-esta-todo-arreglado-con-rayados\/"},"modified":"2021-06-14T18:00:00","modified_gmt":"2021-06-14T18:00:00","slug":"esteban-andrada-esta-todo-arreglado-con-rayados","status":"publish","type":"post","link":"http:\/\/hoycordobaweb.com\/index.php\/2021\/06\/14\/esteban-andrada-esta-todo-arreglado-con-rayados\/","title":{"rendered":"Esteban Andrada: Est\u00e1 todo arreglado con Rayados"},"content":{"rendered":"<p>La porter\u00eda de Monterrey tendr\u00e1 uno de los mejores del <b>futbol argentino<\/b>, Esteban Andrada, habl\u00f3 con ESPN Argentina y dej\u00f3 en claro que est\u00e1 todo&nbsp;&#8230; <\/p>\n","protected":false},"excerpt":{"rendered":"<p>La porter\u00eda de Monterrey tendr\u00e1 uno de los mejores del futbol argentino, Esteban Andrada, habl\u00f3 con ESPN Argentina y dej\u00f3 en claro que est\u00e1 todo&nbsp;&#8230;<\/p>\n","protected":false},"author":1,"featured_media":0,"comment_status":"closed","ping_status":"closed","sticky":false,"template":"","format":"standard","meta":[],"categories":[22],"tags":[],"_links":{"self":[{"href":"http:\/\/hoycordobaweb.com\/index.php\/wp-json\/wp\/v2\/posts\/22765"}],"collection":[{"href":"http:\/\/hoycordobaweb.com\/index.php\/wp-json\/wp\/v2\/posts"}],"about":[{"href":"http:\/\/hoycordobaweb.com\/index.php\/wp-json\/wp\/v2\/types\/post"}],"author":[{"embeddable":true,"href":"http:\/\/hoycordobaweb.com\/index.php\/wp-json\/wp\/v2\/users\/1"}],"replies":[{"embeddable":true,"href":"http:\/\/hoycordobaweb.com\/index.php\/wp-json\/wp\/v2\/comments?post=22765"}],"version-history":[{"count":0,"href":"http:\/\/hoycordobaweb.com\/index.php\/wp-json\/wp\/v2\/posts\/22765\/revisions"}],"wp:attachment":[{"href":"http:\/\/hoycordobaweb.com\/index.php\/wp-json\/wp\/v2\/media?parent=22765"}],"wp:term":[{"taxonomy":"category","embeddable":true,"href":"http:\/\/hoycordobaweb.com\/index.php\/wp-json\/wp\/v2\/categories?post=22765"},{"taxonomy":"post_tag","embeddable":true,"href":"http:\/\/hoycordobaweb.com\/index.php\/wp-json\/wp\/v2\/tags?post=22765"}],"curies":[{"name":"wp","href":"https:\/\/api.w.org\/{rel}","templated":true}]}}