{"id":22677,"date":"2021-06-09T19:36:00","date_gmt":"2021-06-09T19:36:00","guid":{"rendered":"https:\/\/fm-comunicar.com.ar\/contenido\/17727\/colonia-caroya-permitira-la-urbanizacion-de-33-hectareas-al-oeste-de-bo-sierras-"},"modified":"2021-06-09T19:36:00","modified_gmt":"2021-06-09T19:36:00","slug":"colonia-caroya-permitira-la-urbanizacion-de-33-hectareas-al-oeste-de-bo-sierras-y-parque","status":"publish","type":"post","link":"http:\/\/hoycordobaweb.com\/index.php\/2021\/06\/09\/colonia-caroya-permitira-la-urbanizacion-de-33-hectareas-al-oeste-de-bo-sierras-y-parque\/","title":{"rendered":"Colonia Caroya permitir\u00e1 la urbanizaci\u00f3n de 33 hect\u00e1reas al Oeste de B\u00ba Sierras y Parque."},"content":{"rendered":"<p>Hay proyectos de subdivisi\u00f3n que ingresar\u00e1n formalmente tras el cambio de uso de suelo. La iniciativa fue avalada por el Consejo de Planificaci\u00f3n y los ediles. El municipio recibir\u00e1 una gran cantidad de lotes para planes de viviendas.<img src=\"http:\/\/hoycordobaweb.com\/wp-content\/uploads\/2021\/06\/colonia-caroya-permitira-la-urbanizacion-de-33-hectareas-al-oeste-de-bo-sierras-y-parque.png\"><\/p>\n","protected":false},"excerpt":{"rendered":"<p>Hay proyectos de subdivisi\u00f3n que ingresar\u00e1n formalmente tras el cambio de uso de suelo. La iniciativa fue avalada por el Consejo de Planificaci\u00f3n y los ediles. El municipio recibir\u00e1 una gran cantidad de lotes para planes de viviendas.<\/p>\n","protected":false},"author":1,"featured_media":22678,"comment_status":"closed","ping_status":"closed","sticky":false,"template":"","format":"standard","meta":[],"categories":[18],"tags":[],"_links":{"self":[{"href":"http:\/\/hoycordobaweb.com\/index.php\/wp-json\/wp\/v2\/posts\/22677"}],"collection":[{"href":"http:\/\/hoycordobaweb.com\/index.php\/wp-json\/wp\/v2\/posts"}],"about":[{"href":"http:\/\/hoycordobaweb.com\/index.php\/wp-json\/wp\/v2\/types\/post"}],"author":[{"embeddable":true,"href":"http:\/\/hoycordobaweb.com\/index.php\/wp-json\/wp\/v2\/users\/1"}],"replies":[{"embeddable":true,"href":"http:\/\/hoycordobaweb.com\/index.php\/wp-json\/wp\/v2\/comments?post=22677"}],"version-history":[{"count":0,"href":"http:\/\/hoycordobaweb.com\/index.php\/wp-json\/wp\/v2\/posts\/22677\/revisions"}],"wp:featuredmedia":[{"embeddable":true,"href":"http:\/\/hoycordobaweb.com\/index.php\/wp-json\/wp\/v2\/media\/22678"}],"wp:attachment":[{"href":"http:\/\/hoycordobaweb.com\/index.php\/wp-json\/wp\/v2\/media?parent=22677"}],"wp:term":[{"taxonomy":"category","embeddable":true,"href":"http:\/\/hoycordobaweb.com\/index.php\/wp-json\/wp\/v2\/categories?post=22677"},{"taxonomy":"post_tag","embeddable":true,"href":"http:\/\/hoycordobaweb.com\/index.php\/wp-json\/wp\/v2\/tags?post=22677"}],"curies":[{"name":"wp","href":"https:\/\/api.w.org\/{rel}","templated":true}]}}