{"id":22612,"date":"2021-06-12T18:37:54","date_gmt":"2021-06-12T18:37:54","guid":{"rendered":"https:\/\/www.ole.com.ar\/futbol-internacional\/eurocopa-belgica-rusia-primera-fecha_0_v9E04TL__.html"},"modified":"2021-06-12T18:37:54","modified_gmt":"2021-06-12T18:37:54","slug":"lukaku-y-su-festejo-dedicado-a-erikson","status":"publish","type":"post","link":"http:\/\/hoycordobaweb.com\/index.php\/2021\/06\/12\/lukaku-y-su-festejo-dedicado-a-erikson\/","title":{"rendered":"Lukaku y su festejo dedicado a Erikson"},"content":{"rendered":"<p><img src=\"http:\/\/hoycordobaweb.com\/wp-content\/uploads\/2021\/06\/lukaku-y-su-festejo-dedicado-a-erikson.jpg\"><\/p>\n<div><img src=\"http:\/\/hoycordobaweb.com\/wp-content\/uploads\/2021\/06\/lukaku-y-su-festejo-dedicado-a-erikson.jpg\" class=\"ff-og-image-inserted\"><\/div>\n<p>B\u00e9lgica le gana 2-0 a Rusia pero la noticia estaba en otro lado. M\u00e1s all\u00e1 del triunfazo que puede resultar para los belgas en este inicio de la Eurocopa, la historia se la lleva <strong><a data-cke-saved-href=\"https:\/\/www.ole.com.ar\/futbol-internacional\/eurocopa-2016\/lukaku-marco-primero-belgica-dedicatoria-eriksen_3_f_13lib2S.html\" target=\"_blank\" href=\"https:\/\/www.ole.com.ar\/futbol-internacional\/eurocopa-2016\/lukaku-marco-primero-belgica-dedicatoria-eriksen_3_f_13lib2S.html\" rel=\"noopener noreferrer\">el festejo de Lukaku dedicado a Christian Erikson<\/a><\/strong>.<\/p>\n<p><strong><a data-cke-saved-href=\"https:\/\/www.ole.com.ar\/futbol-internacional\/eriksen-dinamarca-eurocopa_0__yMBE8lw8.html\" target=\"_blank\" href=\"https:\/\/www.ole.com.ar\/futbol-internacional\/eriksen-dinamarca-eurocopa_0__yMBE8lw8.html\" rel=\"noopener noreferrer\">El ataque card\u00edaco que sufri\u00f3 el jugador dan\u00e9s cuando jugaban contra Finlandia conmovi\u00f3 a todo el mundo<\/a><\/strong>. Y si bien, se encuentra recuperado y estable gracias a la acci\u00f3n r\u00e1pida de los m\u00e9dicos, todav\u00eda sigue golpeando el \u00e1nimo general. Y Romelo Lukaku, compa\u00f1ero de Erikson en el Inter, sali\u00f3 a jugar el partido contra Rusia con eso en su cabeza.<\/p>\n<p>Apenas iban 10 minutos cuando lleg\u00f3 el gol del belga que fue directo hacia la c\u00e1mara: <strong>\u00abChris, I love you\u00bb<\/strong>. Y de ah\u00ed la emoci\u00f3n y el abrazo de todo el equipo. <\/p>\n<h2><strong>QUE PAS\u00d3 CON ERIKSEN<\/strong><\/h2>\n<p>\u200bCuando estaba por terminar el primer tiempo del partido entre Dinamarca y Finlandia por la Eurocopa, Christian Eriksen, el dan\u00e9s de 29 a\u00f1os, se desplom\u00f3 en el campo de juego de Parken Stadion, Copenhague. Compa\u00f1eros y rivales pidieron inmediatamente a los m\u00e9dicos, quienes empezaron los trabajos de reanimaci\u00f3n. Sus compa\u00f1eros lo rodearon para que no se filtren m\u00e1s im\u00e1genes de un momento dram\u00e1tico.<\/p>\n<p> Luego lo retiraron en camilla y se lo pudo ver consciente, despierto. La UEFA inform\u00f3 que fue traslado y se encuentra \u00abestabilizado\u00bb. Tranquiliza. Claro, el partido, que estaba 0-0, fue suspendido. Una vez que incluso Eriksen habl\u00f3 por videollamada con sus compa\u00f1eros, se decidi\u00f3 que completara el partido.<\/p>\n<p><opta-widget sport=\"football\" widget=\"timeline\" competition=\"3\" season=\"2020\" match=\"2041884\" template=\"normal\" live=\"true\" orientation=\"horizontal\" vertical_timebar_height=\"260\" show_match_header=\"true\" show_score=\"true\" show_crests=\"true\" show_assists=\"all\" show_team_formation=\"true\" show_clock=\"true\" show_period_dividers=\"true\" show_halftime_score=\"false\" show_date=\"true\" date_format=\"dddd D MMMM YYYY\" show_attendance=\"true\" show_images=\"true\" show_referee=\"true\" show_venue=\"true\" show_cards=\"all\" show_goals=\"true\" show_penalties_missed=\"true\" show_subs=\"false\" show_goals_combined=\"false\" show_shootouts=\"false\" show_competition_name=\"true\" competition_naming=\"full\" team_naming=\"full\" player_naming=\"full\" show_live=\"true\" show_logo=\"false\" show_title=\"true\" breakpoints=\"400, 700\"><\/opta-widget><opta-widget sport=\"football\" widget=\"matchstats\" competition=\"3\" season=\"2020\" match=\"2041884\" template=\"lineups\" live=\"true\" side=\"both\" column_count=\"1\" side_by_side=\"true\" show_match_header=\"true\" show_score=\"true\" show_halftime_score=\"false\" show_crests=\"false\" show_team_formation=\"true\" show_competition_name=\"true\" show_date=\"false\" date_format=\"dddd D MMMM YYYY\" order_by=\"position\" group_by_position=\"false\" show_position=\"true\" show_images=\"false\" show_key=\"false\" show_starters=\"true\" show_goalkeepers=\"true\" show_defenders=\"true\" show_midfielders=\"true\" show_forwards=\"true\" show_subs=\"true\" show_unused_subs=\"false\" show_managers=\"true\" show_captain=\"false\" show_match_events=\"true\" competition_naming=\"full\" team_naming=\"full\" player_naming=\"full\" show_live=\"false\" show_logo=\"false\" show_title=\"true\" breakpoints=\"400, 700\"><\/opta-widget><opta-widget widget=\"commentary\" competition=\"3\" season=\"2020\" match=\"2041884\" template=\"normal\" live=\"true\" data_type=\"auto\" order_by=\"time_descending\" show_event_icons=\"true\" show_minor_events=\"true\" fixed_height_comments=\"300\" show_live=\"true\" show_logo=\"false\" show_title=\"true\" breakpoints=\"400\" sport=\"football\"><\/opta-widget><opta-widget sport=\"football\" widget=\"heatmap\" competition=\"3\" season=\"2020\" match=\"2041884\" preselected_player template=\"normal\" live=\"true\" show_maps=\"all\" orientation=\"horizontal\" side=\"both\" dimension=\"2D\" one_direction=\"false\" show_match_header=\"true\" show_score=\"true\" show_halftime_score=\"false\" show_crests=\"false\" show_team_formation=\"true\" show_competition_name=\"true\" show_date=\"true\" date_format=\"dddd D MMMM YYYY\" show_team_sheets=\"true\" show_subs=\"true\" show_position=\"true\" show_timecontrols=\"true\" show_timecontrols_buttons=\"true\" show_timecontrols_bar=\"true\" show_tooltips=\"false\" competition_naming=\"full\" team_naming=\"full\" player_naming=\"full\" show_logo=\"false\" show_title=\"true\" breakpoints=\"400, 700\"><\/opta-widget><opta-widget sport=\"football\" widget=\"standings\" competition=\"3\" season=\"2020\" match=\"2041884\" team template=\"normal\" live=\"true\" default_nav=\"1\" side=\"combined\" data_detail=\"default\" show_key=\"false\" show_crests=\"false\" points_in_first_column=\"false\" lose_before_draw=\"false\" show_form=\"0\" competition_naming=\"full\" team_naming=\"full\" date_format=\"dddd D MMMM YYYY\" sorting=\"true\" show_live=\"false\" show_relegation_average=\"true\" show_logo=\"false\" show_title=\"true\" breakpoints=\"400\"><\/opta-widget> <\/p>\n<div class=\"entry-tags\">\n<h2>TEMAS QUE APARECEN EN ESTA NOTA<\/h2>\n<\/p><\/div>\n","protected":false},"excerpt":{"rendered":"<p>B\u00e9lgica le gana 2-0 a Rusia pero la noticia estaba en otro lado. M\u00e1s all\u00e1 del triunfazo que puede resultar para los belgas en este inicio de la Eurocopa, la historia se la lleva el festejo de Lukaku dedicado a Christian Erikson. El ataque card\u00edaco que sufri\u00f3 el jugador dan\u00e9s cuando jugaban contra Finlandia conmovi\u00f3 [&hellip;]<\/p>\n","protected":false},"author":1,"featured_media":22613,"comment_status":"open","ping_status":"closed","sticky":false,"template":"","format":"standard","meta":[],"categories":[16],"tags":[],"_links":{"self":[{"href":"http:\/\/hoycordobaweb.com\/index.php\/wp-json\/wp\/v2\/posts\/22612"}],"collection":[{"href":"http:\/\/hoycordobaweb.com\/index.php\/wp-json\/wp\/v2\/posts"}],"about":[{"href":"http:\/\/hoycordobaweb.com\/index.php\/wp-json\/wp\/v2\/types\/post"}],"author":[{"embeddable":true,"href":"http:\/\/hoycordobaweb.com\/index.php\/wp-json\/wp\/v2\/users\/1"}],"replies":[{"embeddable":true,"href":"http:\/\/hoycordobaweb.com\/index.php\/wp-json\/wp\/v2\/comments?post=22612"}],"version-history":[{"count":0,"href":"http:\/\/hoycordobaweb.com\/index.php\/wp-json\/wp\/v2\/posts\/22612\/revisions"}],"wp:featuredmedia":[{"embeddable":true,"href":"http:\/\/hoycordobaweb.com\/index.php\/wp-json\/wp\/v2\/media\/22613"}],"wp:attachment":[{"href":"http:\/\/hoycordobaweb.com\/index.php\/wp-json\/wp\/v2\/media?parent=22612"}],"wp:term":[{"taxonomy":"category","embeddable":true,"href":"http:\/\/hoycordobaweb.com\/index.php\/wp-json\/wp\/v2\/categories?post=22612"},{"taxonomy":"post_tag","embeddable":true,"href":"http:\/\/hoycordobaweb.com\/index.php\/wp-json\/wp\/v2\/tags?post=22612"}],"curies":[{"name":"wp","href":"https:\/\/api.w.org\/{rel}","templated":true}]}}