{"id":22598,"date":"2021-06-12T18:56:00","date_gmt":"2021-06-12T18:56:00","guid":{"rendered":"http:\/\/hoycordobaweb.com\/index.php\/2021\/06\/12\/condenaron-a-cuatro-afganos-por-el-incendio-de-moria-el-mayor-campo-de-refugiados-en-europa\/"},"modified":"2021-06-12T18:56:00","modified_gmt":"2021-06-12T18:56:00","slug":"condenaron-a-cuatro-afganos-por-el-incendio-de-moria-el-mayor-campo-de-refugiados-en-europa","status":"publish","type":"post","link":"http:\/\/hoycordobaweb.com\/index.php\/2021\/06\/12\/condenaron-a-cuatro-afganos-por-el-incendio-de-moria-el-mayor-campo-de-refugiados-en-europa\/","title":{"rendered":"Condenaron a cuatro afganos por el incendio de Moria, el mayor campo de refugiados en Europa"},"content":{"rendered":"<p><img src=\"http:\/\/hoycordobaweb.com\/wp-content\/uploads\/2021\/06\/condenaron-a-cuatro-afganos-por-el-incendio-de-moria-el-mayor-campo-de-refugiados-en-europa.jpg\"><\/p>\n<div class=\"image\" id=\"image\" readability=\"9\"> <img src=\"http:\/\/hoycordobaweb.com\/wp-content\/uploads\/2021\/06\/condenaron-a-cuatro-afganos-por-el-incendio-de-moria-el-mayor-campo-de-refugiados-en-europa-2.jpg\" alt=\"Los incendios del a\u00f1o pasado devastaron Moria, por entonces el mayor campamento de refugiados de Europa.\" title=\"Los incendios del a\u00f1o pasado devastaron Moria, por entonces el mayor campamento de refugiados de Europa.\"><\/p>\n<p>Los incendios del a\u00f1o pasado devastaron Moria, por entonces el mayor campamento de refugiados de Europa.<\/p>\n<\/div>\n<p>&nbsp;<br \/>Un tribunal griego sentenci\u00f3 este s\u00e1bado a<strong> 10 a\u00f1os de c\u00e1rcel a cuatro solicitantes de asilo afganos por provocar los incendio<\/strong>s que el a\u00f1o pasado devastaron Moria, por entonces el mayor campamento de refugiados de Europa y s\u00edmbolo del fracaso de las pol\u00edticas migratorias del continente.<\/p>\n<p>Los abogados de la defensa informaron que el tribunal de la isla de Ch\u00edos los conden\u00f3 por \u00abincendio intencionado\u00bb, inform\u00f3 la agencia de noticias AFP.<\/p>\n<p>El campamento de Moria, en la isla de Lesbos, a<strong>lbergaba a m\u00e1s de 10.000 personas antes de ser completamente destruido por dos incendios, en septiembre pasado<\/strong>.<\/p>\n<p>Ning\u00fan medio de comunicaci\u00f3n pudo asistir a la lectura de la sentencia por restricciones sanitarias a causa de la Covid-19.<\/p>\n<p>Otros dos j\u00f3venes afganos fueron condenados a cinco a\u00f1os de prisi\u00f3n el pasado mes de marzo, por los mismo hechos.<\/p>\n<p>Los abogados de la defensa aseguraron que tres de los condenados mostraron papeles que probaban que no ten\u00edan 18 a\u00f1os cuando fueron detenidos, pero que su minor\u00eda de edad no fue reconocida por el Estado griego.<\/p>\n<div class=\"image\" id=\"image\" readability=\"10\"> <img src=\"http:\/\/hoycordobaweb.com\/wp-content\/uploads\/2021\/06\/condenaron-a-cuatro-afganos-por-el-incendio-de-moria-el-mayor-campo-de-refugiados-en-europa-3.jpg\" alt=\"El campamento, en la isla de Lesbos, albergaba a m\u00e1s de 10.000 personas antes de ser completamente destruido.\" title=\"El campamento, en la isla de Lesbos, albergaba a m\u00e1s de 10.000 personas antes de ser completamente destruido.\"><\/p>\n<p>El campamento, en la isla de Lesbos, albergaba a m\u00e1s de 10.000 personas antes de ser completamente destruido.<\/p>\n<\/div>\n<p>&nbsp;<br \/><strong>El juicio se bas\u00f3 en gran parte en el testimonio de otro afgano que identific\u00f3 a los seis como autores del siniestro.<\/strong><\/p>\n<p>Seg\u00fan los abogados, ese testigo no compareci\u00f3 este viernes en el tribunal ni tampoco en marzo pasado, ya que no pudo ser localizado.<\/p>\n<p>Los acusados declararon ante el juez que el testigo,<strong> un hombre de etnia past\u00fan, los incrimin\u00f3 porque ellos son hazar\u00edes, una minor\u00eda perseguida en Afganist\u00e1n<\/strong>.<\/p>\n<p>En el juicio s\u00ed comparecieron agentes policiales, bomberos y personal del servicio de asilo europeo, as\u00ed como de organizaciones no gubernamentales.<\/p>\n<p>El campamento de Moria fue construido en 2013 inicialmente para<strong> albergar a un m\u00e1ximo de 3.000 refugiados, pero el continuo flujo de inmigrantes desde la vecina Turqu\u00eda a partir de 2015 provoc\u00f3 su saturaci\u00f3n<\/strong>. <\/p>\n","protected":false},"excerpt":{"rendered":"<p>Los incendios del a\u00f1o pasado devastaron Moria, por entonces el mayor campamento de refugiados de Europa. &nbsp;Un tribunal griego sentenci\u00f3 este s\u00e1bado a 10 a\u00f1os de c\u00e1rcel a cuatro solicitantes de asilo afganos por provocar los incendios que el a\u00f1o pasado devastaron Moria, por entonces el mayor campamento de refugiados de Europa y s\u00edmbolo del [&hellip;]<\/p>\n","protected":false},"author":1,"featured_media":22599,"comment_status":"open","ping_status":"closed","sticky":false,"template":"","format":"standard","meta":[],"categories":[24],"tags":[],"_links":{"self":[{"href":"http:\/\/hoycordobaweb.com\/index.php\/wp-json\/wp\/v2\/posts\/22598"}],"collection":[{"href":"http:\/\/hoycordobaweb.com\/index.php\/wp-json\/wp\/v2\/posts"}],"about":[{"href":"http:\/\/hoycordobaweb.com\/index.php\/wp-json\/wp\/v2\/types\/post"}],"author":[{"embeddable":true,"href":"http:\/\/hoycordobaweb.com\/index.php\/wp-json\/wp\/v2\/users\/1"}],"replies":[{"embeddable":true,"href":"http:\/\/hoycordobaweb.com\/index.php\/wp-json\/wp\/v2\/comments?post=22598"}],"version-history":[{"count":0,"href":"http:\/\/hoycordobaweb.com\/index.php\/wp-json\/wp\/v2\/posts\/22598\/revisions"}],"wp:featuredmedia":[{"embeddable":true,"href":"http:\/\/hoycordobaweb.com\/index.php\/wp-json\/wp\/v2\/media\/22599"}],"wp:attachment":[{"href":"http:\/\/hoycordobaweb.com\/index.php\/wp-json\/wp\/v2\/media?parent=22598"}],"wp:term":[{"taxonomy":"category","embeddable":true,"href":"http:\/\/hoycordobaweb.com\/index.php\/wp-json\/wp\/v2\/categories?post=22598"},{"taxonomy":"post_tag","embeddable":true,"href":"http:\/\/hoycordobaweb.com\/index.php\/wp-json\/wp\/v2\/tags?post=22598"}],"curies":[{"name":"wp","href":"https:\/\/api.w.org\/{rel}","templated":true}]}}