{"id":22593,"date":"2021-06-12T18:11:15","date_gmt":"2021-06-12T18:11:15","guid":{"rendered":"http:\/\/hoycordobaweb.com\/index.php\/2021\/06\/12\/conmocion-mundial-por-la-salud-de-eriksen-perdio-el-conocimiento-en-pleno-partido-de-la-eurocopa\/"},"modified":"2021-06-12T18:11:15","modified_gmt":"2021-06-12T18:11:15","slug":"conmocion-mundial-por-la-salud-de-eriksen-perdio-el-conocimiento-en-pleno-partido-de-la-eurocopa","status":"publish","type":"post","link":"http:\/\/hoycordobaweb.com\/index.php\/2021\/06\/12\/conmocion-mundial-por-la-salud-de-eriksen-perdio-el-conocimiento-en-pleno-partido-de-la-eurocopa\/","title":{"rendered":"Conmoci\u00f3n mundial por la salud de Eriksen: perdi\u00f3 el conocimiento en pleno partido de la Eurocopa"},"content":{"rendered":"<p>+ Lo piden desde Argentina: \u00bfSergio Pe\u00f1a encajar\u00eda en Boca Juniors? &#8230; de Ricardo Gareca: Paolo Guerrero vuelve a sonar en el <b>f\u00fatbol argentino<\/b>. <\/p>\n","protected":false},"excerpt":{"rendered":"<p>+ Lo piden desde Argentina: \u00bfSergio Pe\u00f1a encajar\u00eda en Boca Juniors? &#8230; de Ricardo Gareca: Paolo Guerrero vuelve a sonar en el f\u00fatbol argentino.<\/p>\n","protected":false},"author":1,"featured_media":0,"comment_status":"closed","ping_status":"closed","sticky":false,"template":"","format":"standard","meta":[],"categories":[22],"tags":[],"_links":{"self":[{"href":"http:\/\/hoycordobaweb.com\/index.php\/wp-json\/wp\/v2\/posts\/22593"}],"collection":[{"href":"http:\/\/hoycordobaweb.com\/index.php\/wp-json\/wp\/v2\/posts"}],"about":[{"href":"http:\/\/hoycordobaweb.com\/index.php\/wp-json\/wp\/v2\/types\/post"}],"author":[{"embeddable":true,"href":"http:\/\/hoycordobaweb.com\/index.php\/wp-json\/wp\/v2\/users\/1"}],"replies":[{"embeddable":true,"href":"http:\/\/hoycordobaweb.com\/index.php\/wp-json\/wp\/v2\/comments?post=22593"}],"version-history":[{"count":0,"href":"http:\/\/hoycordobaweb.com\/index.php\/wp-json\/wp\/v2\/posts\/22593\/revisions"}],"wp:attachment":[{"href":"http:\/\/hoycordobaweb.com\/index.php\/wp-json\/wp\/v2\/media?parent=22593"}],"wp:term":[{"taxonomy":"category","embeddable":true,"href":"http:\/\/hoycordobaweb.com\/index.php\/wp-json\/wp\/v2\/categories?post=22593"},{"taxonomy":"post_tag","embeddable":true,"href":"http:\/\/hoycordobaweb.com\/index.php\/wp-json\/wp\/v2\/tags?post=22593"}],"curies":[{"name":"wp","href":"https:\/\/api.w.org\/{rel}","templated":true}]}}