{"id":22571,"date":"2021-06-11T18:46:00","date_gmt":"2021-06-11T18:46:00","guid":{"rendered":"http:\/\/hoycordobaweb.com\/index.php\/2021\/06\/11\/los-proyectos-ambientales-pueden-generar-mas-empleo-y-crecimiento\/"},"modified":"2021-06-11T18:46:00","modified_gmt":"2021-06-11T18:46:00","slug":"los-proyectos-ambientales-pueden-generar-mas-empleo-y-crecimiento","status":"publish","type":"post","link":"http:\/\/hoycordobaweb.com\/index.php\/2021\/06\/11\/los-proyectos-ambientales-pueden-generar-mas-empleo-y-crecimiento\/","title":{"rendered":"Los proyectos ambientales pueden generar m\u00e1s empleo y crecimiento"},"content":{"rendered":"<div><img src=\"http:\/\/hoycordobaweb.com\/wp-content\/uploads\/2021\/06\/los-proyectos-ambientales-pueden-generar-mas-empleo-y-crecimiento.png\" class=\"ff-og-image-inserted\"><\/div>\n<p> Nos encontramos en un momento crucial. La pandemia de Covid19, con sus enormes impactos econ\u00f3micos, humanos y sociales, se ha sumado al gran desaf\u00edo de nuestra \u00e9poca: el cambio clim\u00e1tico.<\/p>\n<p>Hoy la atenci\u00f3n del mundo est\u00e1 puesta en contener la crisis sanitaria; urge como nunca reconstruir las econom\u00edas, recuperar los empleos y los ingresos.<\/p>\n<p>Pero la pregunta que debemos hacernos es: \u00bfQu\u00e9 tipo de recuperaci\u00f3n queremos? \u00bfAceptaremos el mismo modelo que est\u00e1bamos implementando antes de la pandemia, o aprovecharemos esta oportunidad para impulsar una recuperaci\u00f3n con transformaci\u00f3n clim\u00e1tica, en la cual avancemos, a la par, en nuestros esfuerzos contra el cambio clim\u00e1tico y en la reducci\u00f3n de la huella ambiental en la agricultura?<\/p>\n<p>Porque la evidencia se vuelve cada vez m\u00e1s clara: proteger el ambiente, enfrentar el cambio clim\u00e1tico, y avanzar hacia una agricultura sostenible es una de las mejores formas de mejorar la calidad de vida de los habitantes de nuestra regi\u00f3n.<\/p>\n<p>Seg\u00fan el BID, los cambios estructurales necesarios para llegar a un escenario de producci\u00f3n carbono neutral al a\u00f1o 2030 en Am\u00e9rica Latina y el Caribe pueden generar 15 millones de empleos.<\/p>\n<p>Un estudio de Nicholas Stern y Joseph Stiglitz, muestra que, luego de la crisis del a\u00f1o 2008, las medidas de est\u00edmulo con enfoque ambiental generaron m\u00e1s empleos y un mejor crecimiento que las alternativas tradicionales.<\/p>\n<p>No podemos seguir pensando que conservar, sustentar y reducir emisiones son restricciones que afectan el desarrollo productivo. La tarea, compleja y necesaria, consiste en identificar las estrategias y las soluciones concretas que nos permitan resolver la ecuaci\u00f3n del desarrollo sostenible en sus dimensiones econ\u00f3mica, social y ambiental.<\/p>\n<p>La Organizaci\u00f3n de las Naciones Unidas para la Alimentaci\u00f3n y la Agricultura (FAO) ha planteado que la transformaci\u00f3n sostenible del sector agroalimentario, mediante innovaciones tecnol\u00f3gicas e institucionales, ser\u00e1 una fuente de renovado crecimiento econ\u00f3mico.<\/p>\n<p>En Am\u00e9rica Latina y el Caribe, hay m\u00faltiples ejemplos de esto: En Ecuador, un proyecto de ganader\u00eda clim\u00e1ticamente inteligente permiti\u00f3 que mil peque\u00f1os agricultores aumentaran en 40% sus ingresos, mejoraran la calidad de los suelos en 40 mil hect\u00e1reas, y disminuyeran en 20% sus emisiones de gases de efecto invernadero (GEI), evitando la emisi\u00f3n de 24 mil toneladas de carbono equivalente.<\/p>\n<p>En Chile, los Acuerdos de Producci\u00f3n Limpia permitieron a 340 miembros de la agricultura familiar de la regi\u00f3n de El Maule aumentar en 15% sus resultados econ\u00f3micos, reduciendo su uso de energ\u00eda, sus emisiones de GEI, sus residuos y uso de plaguicidas, adem\u00e1s de mejorar el uso del agua y el suelo.<\/p>\n<p>Estos y otros ejemplos son parte de una nueva publicaci\u00f3n de la FAO \u00abHacia una agricultura sostenible y resiliente en Am\u00e9rica Latina y el Caribe: Caminos para la transformaci\u00f3n\u00bb, que se dio a conocer el 10 de junio, y muestra que la recuperaci\u00f3n sostenible de la pandemia y la transformaci\u00f3n de los sistemas agroalimentarios es posible.<\/p>\n<p>Si logramos replicar este tipo de iniciativas a gran escala, sin duda generaremos una mejor producci\u00f3n, una mejor nutrici\u00f3n, un mejor medioambiente y una vida mejor.<\/p>\n<p><strong>Por Ignacia Holmes, Oficial de Agricultura Sostenible y Resiliente de la FAO para Am\u00e9rica Latina y El Caribe.<\/strong><\/p>\n","protected":false},"excerpt":{"rendered":"<p>Nos encontramos en un momento crucial. La pandemia de Covid19, con sus enormes impactos econ\u00f3micos, humanos y sociales, se ha sumado al gran desaf\u00edo de nuestra \u00e9poca: el cambio clim\u00e1tico. Hoy la atenci\u00f3n del mundo est\u00e1 puesta en contener la crisis sanitaria; urge como nunca reconstruir las econom\u00edas, recuperar los empleos y los ingresos. Pero [&hellip;]<\/p>\n","protected":false},"author":1,"featured_media":22572,"comment_status":"open","ping_status":"closed","sticky":false,"template":"","format":"standard","meta":[],"categories":[19],"tags":[],"_links":{"self":[{"href":"http:\/\/hoycordobaweb.com\/index.php\/wp-json\/wp\/v2\/posts\/22571"}],"collection":[{"href":"http:\/\/hoycordobaweb.com\/index.php\/wp-json\/wp\/v2\/posts"}],"about":[{"href":"http:\/\/hoycordobaweb.com\/index.php\/wp-json\/wp\/v2\/types\/post"}],"author":[{"embeddable":true,"href":"http:\/\/hoycordobaweb.com\/index.php\/wp-json\/wp\/v2\/users\/1"}],"replies":[{"embeddable":true,"href":"http:\/\/hoycordobaweb.com\/index.php\/wp-json\/wp\/v2\/comments?post=22571"}],"version-history":[{"count":0,"href":"http:\/\/hoycordobaweb.com\/index.php\/wp-json\/wp\/v2\/posts\/22571\/revisions"}],"wp:featuredmedia":[{"embeddable":true,"href":"http:\/\/hoycordobaweb.com\/index.php\/wp-json\/wp\/v2\/media\/22572"}],"wp:attachment":[{"href":"http:\/\/hoycordobaweb.com\/index.php\/wp-json\/wp\/v2\/media?parent=22571"}],"wp:term":[{"taxonomy":"category","embeddable":true,"href":"http:\/\/hoycordobaweb.com\/index.php\/wp-json\/wp\/v2\/categories?post=22571"},{"taxonomy":"post_tag","embeddable":true,"href":"http:\/\/hoycordobaweb.com\/index.php\/wp-json\/wp\/v2\/tags?post=22571"}],"curies":[{"name":"wp","href":"https:\/\/api.w.org\/{rel}","templated":true}]}}