{"id":22569,"date":"2021-06-11T18:50:00","date_gmt":"2021-06-11T18:50:00","guid":{"rendered":"http:\/\/hoycordobaweb.com\/index.php\/2021\/06\/11\/homicidio-en-ocasion-de-robo-o-femicidio-las-hipotesis-del-crimen-en-ciudadela\/"},"modified":"2021-06-11T18:50:00","modified_gmt":"2021-06-11T18:50:00","slug":"homicidio-en-ocasion-de-robo-o-femicidio-las-hipotesis-del-crimen-en-ciudadela","status":"publish","type":"post","link":"http:\/\/hoycordobaweb.com\/index.php\/2021\/06\/11\/homicidio-en-ocasion-de-robo-o-femicidio-las-hipotesis-del-crimen-en-ciudadela\/","title":{"rendered":"Homicidio en ocasi\u00f3n de robo o femicidio, las hip\u00f3tesis del crimen en Ciudadela"},"content":{"rendered":"<p><img src=\"http:\/\/hoycordobaweb.com\/wp-content\/uploads\/2021\/06\/homicidio-en-ocasion-de-robo-o-femicidio-las-hipotesis-del-crimen-en-ciudadela.jpg\"><\/p>\n<div class=\"image\" id=\"image\" readability=\"9\"> <img src=\"http:\/\/hoycordobaweb.com\/wp-content\/uploads\/2021\/06\/homicidio-en-ocasion-de-robo-o-femicidio-las-hipotesis-del-crimen-en-ciudadela-2.jpg\" alt=\"Marcela Ver\u00f3nica Rota falleci\u00f3 en el hospital Carrillo de Ciudadela, como consecuencia del impacto de bala que sufri\u00f3.\" title=\"Marcela Ver\u00f3nica Rota falleci\u00f3 en el hospital Carrillo de Ciudadela, como consecuencia del impacto de bala que sufri\u00f3.\"><\/p>\n<p>Marcela Ver\u00f3nica Rota falleci\u00f3 en el hospital Carrillo de Ciudadela, como consecuencia del impacto de bala que sufri\u00f3.<\/p>\n<\/div>\n<p>&nbsp;<br \/>Los investigadores del crimen de la mujer que la noche del jueves fue hallada con un balazo en el pecho dentro de su auto en la localidad bonaerense de Ciudadela creen que el asesinato pudo haber sido cometido en el marco de un intento de robo, aunque no descartan un posible femicidio, ya que la familia mencion\u00f3 a la polic\u00eda que la v\u00edctima ten\u00eda conflictos con su exmarido y lo hab\u00eda denunciado por violencia de g\u00e9nero.<\/p>\n<p>\u201cNo se puede descartar nada. Podr\u00eda ser un intento de robo o un femicidio. Todo est\u00e1 bajo investigaci\u00f3n\u201d, dijo a T\u00e9lam una fuente judicial ligada a la causa.<\/p>\n<p>Lo que ya sabe el fiscal a cargo del caso, Ignacio Correa, de la Unidad Funcional de Instrucci\u00f3n (UFI) 5 del Departamento Judicial de San Mart\u00edn, es que el crimen de la empleada bancaria Marcela Ver\u00f3nica Rota (44) ocurri\u00f3 la noche del jueves cuando ella hab\u00eda salido a hacer una serie de compras con su auto, un Volkswagen Bora gris.<\/p>\n<blockquote readability=\"6\">\n<p>\u201cNo se puede descartar nada. Podr\u00eda ser un intento de robo o un femicidio. Todo est\u00e1 bajo investigaci\u00f3n\u201d<span class=\"comilla\">\u201d<\/span><\/p>\n<\/blockquote>\n<p>La familia le cont\u00f3 a los investigadores que, despu\u00e9s de las 19, Rota pas\u00f3 por la casa de sus padres, en Ramos Mej\u00eda, para dejarles a su cuidado a su hija y que regresaba luego de hacer unas compras.<\/p>\n<p>El hecho ocurri\u00f3 pasadas las 20, en la esquina de las calles Rafaela y D\u00edaz V\u00e9lez, \u00e9sta \u00faltima divisoria de las localidades de Ramos Mej\u00eda y Ciudadela, de los partidos de La Matanza y Tres de Febrero, respectivamente.<\/p>\n<p>Los investigadores ya tienen en su poder las im\u00e1genes de una c\u00e1mara de seguridad en la que se observa a Rota, vestida con una campera color violeta, comprando en una verduler\u00eda a las 20.18.<\/p>\n<p>Se cree que tras esa compra, la mujer se dirigi\u00f3 a su veh\u00edculo para regresar a lo de sus padres a buscar a su hija y que, en ese momento, fue abordada por un tirador que le efectu\u00f3 un disparo por el peque\u00f1o espacio abierto que hab\u00eda en la ventanilla del conductor.<\/p>\n<p>Seg\u00fan las fuentes, la mujer ten\u00eda cerca de una de sus manos el tel\u00e9fono celular y la billetera, como as\u00ed tambi\u00e9n bolsas con mercader\u00eda de compras que ya ven\u00eda de realizar.<\/p>\n<p>La investigaci\u00f3n<\/p>\n<p>\u201cPor un lado, pareciera ser un intento de robo. Como si hubieran metido el arma por el espacio abierto de la ventana del auto, ella aceler\u00f3 y le dispararon. Pero tampoco se puede descartar que la hayan seguido y sea un crimen motivado por alg\u00fan conflicto personal\u201d, recalc\u00f3 la fuente judicial consultada por T\u00e9lam.<\/p>\n<p>Es que <strong>una hermana de la empleada bancaria asesinada declar\u00f3 ante la polic\u00eda que hac\u00eda dos a\u00f1os que Rota ten\u00eda problemas personales con su expareja<\/strong> \u2013un m\u00e9dico cuya identidad se resguarda ya que no est\u00e1 imputado-, y que su hermana hizo denuncias por violencia de g\u00e9nero, un conflicto que ahora est\u00e1 en la mira de los investigadores.<\/p>\n<p>Jos\u00e9, empleado de una pizzer\u00eda ubicada en la esquina donde ocurri\u00f3 el hecho, explic\u00f3 al canal C5N que todo ocurri\u00f3 cerca de las 20, cuando \u00e9l estaba por cerrar el local y vio el Bora circulando \u201cdespacito\u201d por la calle Rafaela, que cruz\u00f3 la avenida D\u00edaz V\u00e9lez y que ya en la calle Gonz\u00e1lez Castillo, \u201csube la vereda y choca la puerta de un vecino\u201d.<\/p>\n<p>Un dato aportado por el testigo es que cuando vio pasar el auto observ\u00f3 que la v\u00edctima, a\u00fan consciente, \u00abven\u00eda mirando hacia atr\u00e1s\u00bb, como si se estuviera fijando si alguien la estaba siguiendo.<\/p>\n<p>\u201cVoy a ver y la encuentro desvanecida\u201d, dijo Jos\u00e9, quien explic\u00f3 que la puerta estaba cerrada pero logr\u00f3 destrabar los seguros metiendo la mano por los 10 cent\u00edmetro que hab\u00eda abiertos de la ventanilla.<\/p>\n<p>\u201cAbr\u00ed la puerta y le apago el auto para que no siga subiendo a la vereda ni chocando nada\u201d, cont\u00f3 el testigo, quien adem\u00e1s aclar\u00f3 que no le vio sangre al impacto de bala, algo que despu\u00e9s s\u00ed \u201ccomento la polic\u00eda\u201d.<\/p>\n<p><strong>\u201cDespu\u00e9s nos enteramos que apareci\u00f3 en la otra cuadra el arma. Estaban las pertenencias ah\u00ed, estaba la cartera, no le hab\u00edan robado nada\u201d<\/strong>, agreg\u00f3 Jos\u00e9.<\/p>\n<p>El arma en cuesti\u00f3n es un rev\u00f3lver calibre .32 hallado a pocos metros de donde ocurri\u00f3 el ataque, en el cruce de Rafael y Ambrosio de Fazio y que es clave en la investigaci\u00f3n.<\/p>\n<p>El rev\u00f3lver, que fue resguardado para todo tipo de pericias, ten\u00eda en el tambor cuatro municiones intactas y una vaina servida, informaron fuentes policiales.<\/p>\n<p>\u201cQueremos saber si fue descartado adrede por el asesino o si se le cay\u00f3 en el lugar producto de alg\u00fan tipo de apuro o descuido\u201d, dijo a T\u00e9lam un jefe policial.<\/p>\n<p>Los efectivos de la comisar\u00eda oeste 9na. con asiento en Lomas del Mill\u00f3n fueron los primeros en llegar y encontraron el Volkswagen Bora gris chocado contra el pared\u00f3n de una vivienda y a Rota baleada en el t\u00f3rax en su interior.<\/p>\n<p>A ra\u00edz de ello, la v\u00edctima fue trasladada de inmediato al hospital Carrillo de Ciudadela, donde finalmente falleci\u00f3 como consecuencia del impacto de bala que sufri\u00f3.<\/p>\n<p>El fiscal Correa aguardaba los resultados de la autopsia para poder determinar, entre otras cosas, si recibi\u00f3 un \u00fanico disparo, con qu\u00e9 trayectoria y si se confirma que el arma hallada fue la homicida.<\/p>\n","protected":false},"excerpt":{"rendered":"<p>Marcela Ver\u00f3nica Rota falleci\u00f3 en el hospital Carrillo de Ciudadela, como consecuencia del impacto de bala que sufri\u00f3. &nbsp;Los investigadores del crimen de la mujer que la noche del jueves fue hallada con un balazo en el pecho dentro de su auto en la localidad bonaerense de Ciudadela creen que el asesinato pudo haber sido [&hellip;]<\/p>\n","protected":false},"author":1,"featured_media":22570,"comment_status":"open","ping_status":"closed","sticky":false,"template":"","format":"standard","meta":[],"categories":[19],"tags":[],"_links":{"self":[{"href":"http:\/\/hoycordobaweb.com\/index.php\/wp-json\/wp\/v2\/posts\/22569"}],"collection":[{"href":"http:\/\/hoycordobaweb.com\/index.php\/wp-json\/wp\/v2\/posts"}],"about":[{"href":"http:\/\/hoycordobaweb.com\/index.php\/wp-json\/wp\/v2\/types\/post"}],"author":[{"embeddable":true,"href":"http:\/\/hoycordobaweb.com\/index.php\/wp-json\/wp\/v2\/users\/1"}],"replies":[{"embeddable":true,"href":"http:\/\/hoycordobaweb.com\/index.php\/wp-json\/wp\/v2\/comments?post=22569"}],"version-history":[{"count":0,"href":"http:\/\/hoycordobaweb.com\/index.php\/wp-json\/wp\/v2\/posts\/22569\/revisions"}],"wp:featuredmedia":[{"embeddable":true,"href":"http:\/\/hoycordobaweb.com\/index.php\/wp-json\/wp\/v2\/media\/22570"}],"wp:attachment":[{"href":"http:\/\/hoycordobaweb.com\/index.php\/wp-json\/wp\/v2\/media?parent=22569"}],"wp:term":[{"taxonomy":"category","embeddable":true,"href":"http:\/\/hoycordobaweb.com\/index.php\/wp-json\/wp\/v2\/categories?post=22569"},{"taxonomy":"post_tag","embeddable":true,"href":"http:\/\/hoycordobaweb.com\/index.php\/wp-json\/wp\/v2\/tags?post=22569"}],"curies":[{"name":"wp","href":"https:\/\/api.w.org\/{rel}","templated":true}]}}