{"id":22565,"date":"2021-06-11T19:01:59","date_gmt":"2021-06-11T19:01:59","guid":{"rendered":"https:\/\/www.trendencias.com\/moda-famosas\/paula-echevarria-luce-dos-vestidos-midi-mango-lefties-perfectos-para-no-perder-estilo-este-verano"},"modified":"2021-06-11T19:01:59","modified_gmt":"2021-06-11T19:01:59","slug":"paula-echevarria-luce-dos-vestidos-midi-de-mango-y-lefties-perfectos-para-no-perder-estilo-este-verano","status":"publish","type":"post","link":"http:\/\/hoycordobaweb.com\/index.php\/2021\/06\/11\/paula-echevarria-luce-dos-vestidos-midi-de-mango-y-lefties-perfectos-para-no-perder-estilo-este-verano\/","title":{"rendered":"Paula Echevarr\u00eda luce dos vestidos midi de Mango y Lefties perfectos para no perder estilo este verano"},"content":{"rendered":"<p>Contar con un buen pu\u00f1ado de estilismos en los que <a href=\"https:\/\/www.trendencias.com\/tendencias\/nueve-tendencias-estrella-primavera-verano-2021-triunfan-street-style-estos-looks-demuestran\">inspirarnos de cara a este verano<\/a> siempre es una buena idea y <a href=\"https:\/\/www.trendencias.com\/moda-famosas\/paula-echevarria-tienen-vestido-boho-ideal-verano\">Paula Echevarr\u00eda <\/a>es una fuente diaria de looks ideales en los que merece la pena fijarnos. Pero es que, adem\u00e1s, la actriz es de las que, tambi\u00e9n,<a href=\"https:\/\/www.trendencias.com\/moda-famosas\/paula-echevarria-tiene-vestido-rojo-verano-encima-su-precio-low-cost\"> apuesta por prendas asequibles,<\/a> esas que cualquier bolsillo podr\u00eda asumir <a href=\"https:\/\/www.trendencias.com\/moda-famosas\/paula-echevarria-inspira-nuestros-looks-primaverales-vestido-h-m-30-euros\">sin dejarnos el sueldo,<\/a> como <strong>las \u00faltimas que nos ha mostrado en sus redes sociales.<\/strong><\/p>\n<p><!-- BREAK 1 --><\/p>\n<div class=\"article-asset article-asset-normal article-asset-center\">\n<div class=\"desvio-container\">\n<div class=\"desvio\">\n<div class=\"desvio-figure js-desvio-figure\"> <a href=\"https:\/\/www.trendencias.com\/belleza\/paula-echevarria-vuelve-a-acertar-lleno-su-nueva-manicura-que-queremos-copiar\"> <img alt=\"Paula Echevarr\u00eda vuelve a acertar de lleno con su nueva manicura que ya queremos copiar \" src=\"http:\/\/hoycordobaweb.com\/wp-content\/uploads\/2021\/06\/paula-echevarria-luce-dos-vestidos-midi-de-mango-y-lefties-perfectos-para-no-perder-estilo-este-verano.jpg\"> <\/a> <\/div><\/div><\/div>\n<\/div>\n<div class=\"article-asset-image article-asset-normal article-asset-center\">\n<div class=\"asset-content\"> <img class=\"sf-lazy centro_sinmarco\" data-sf-srcset=\"http:\/\/hoycordobaweb.com\/wp-content\/uploads\/2021\/06\/paula-echevarria-luce-dos-vestidos-midi-de-mango-y-lefties-perfectos-para-no-perder-estilo-este-verano-1.jpg 450w, http:\/\/hoycordobaweb.com\/wp-content\/uploads\/2021\/06\/paula-echevarria-luce-dos-vestidos-midi-de-mango-y-lefties-perfectos-para-no-perder-estilo-este-verano-4.jpg 681w,http:\/\/hoycordobaweb.com\/wp-content\/uploads\/2021\/06\/paula-echevarria-luce-dos-vestidos-midi-de-mango-y-lefties-perfectos-para-no-perder-estilo-este-verano-5.jpg 1024w, http:\/\/hoycordobaweb.com\/wp-content\/uploads\/2021\/06\/paula-echevarria-luce-dos-vestidos-midi-de-mango-y-lefties-perfectos-para-no-perder-estilo-este-verano-6.jpg 1366w,\" data-sf-src=\"http:\/\/hoycordobaweb.com\/wp-content\/uploads\/2021\/06\/paula-echevarria-luce-dos-vestidos-midi-de-mango-y-lefties-perfectos-para-no-perder-estilo-este-verano-1.jpg\" alt=\"paula echevarria\"> <noscript><img alt=\"paula echevarria\" class=\"centro_sinmarco\" src=\"http:\/\/hoycordobaweb.com\/wp-content\/uploads\/2021\/06\/paula-echevarria-luce-dos-vestidos-midi-de-mango-y-lefties-perfectos-para-no-perder-estilo-este-verano-1.jpg\"><\/noscript> <\/div>\n<\/div>\n<p>As\u00ed, son dos los <em>outfits <\/em>que os traemos hoy. En primer lugar, tenemos un <em>total look <\/em>de Mango en el que <strong>Paula luce un vestido &nbsp;fluido de largo midi 100% de lino <\/strong>(<a href=\"https:\/\/shop.mango.com\/es\/mujer\/vestidos-y-monos-midi\/vestido-100-lino_87028630.html?c=85\">49,99 euros<\/a>) de estilo camisero en rosa, un dise\u00f1o ligeramente acampanado con paneles y mangas abullonadas que nos parece ideal, que ha combinado con unas sandalias de tiras anudadas al tobillo (<a href=\"https:\/\/shop.mango.com\/es\/mujer\/zapatos-sandalias-planas\/sandalia-tiras-cruzadas_87087130.html?c=36\">39,99 euros<\/a>) y un bolso de mano tambi\u00e9n de la firma catalana.<\/p>\n<p><!-- BREAK 2 --> <\/p>\n<div class=\"video-boost-container article-asset-normal\"> <span class=\"video-boost-title\">MANGO CASA<\/span>\n<\/div>\n<div class=\"article-asset-image article-asset-normal article-asset-center\">\n<div class=\"asset-content\"> <img class=\"sf-lazy centro_sinmarco\" data-sf-srcset=\"http:\/\/hoycordobaweb.com\/wp-content\/uploads\/2021\/06\/paula-echevarria-luce-dos-vestidos-midi-de-mango-y-lefties-perfectos-para-no-perder-estilo-este-verano-2.jpg 450w, http:\/\/hoycordobaweb.com\/wp-content\/uploads\/2021\/06\/paula-echevarria-luce-dos-vestidos-midi-de-mango-y-lefties-perfectos-para-no-perder-estilo-este-verano-7.jpg 681w,http:\/\/hoycordobaweb.com\/wp-content\/uploads\/2021\/06\/paula-echevarria-luce-dos-vestidos-midi-de-mango-y-lefties-perfectos-para-no-perder-estilo-este-verano-8.jpg 1024w, http:\/\/hoycordobaweb.com\/wp-content\/uploads\/2021\/06\/paula-echevarria-luce-dos-vestidos-midi-de-mango-y-lefties-perfectos-para-no-perder-estilo-este-verano-9.jpg 1366w,\" data-sf-src=\"http:\/\/hoycordobaweb.com\/wp-content\/uploads\/2021\/06\/paula-echevarria-luce-dos-vestidos-midi-de-mango-y-lefties-perfectos-para-no-perder-estilo-este-verano-2.jpg\" alt=\"paula echevarria\"> <noscript><img alt=\"paula echevarria\" class=\"centro_sinmarco\" src=\"http:\/\/hoycordobaweb.com\/wp-content\/uploads\/2021\/06\/paula-echevarria-luce-dos-vestidos-midi-de-mango-y-lefties-perfectos-para-no-perder-estilo-este-verano-2.jpg\"><\/noscript> <\/div>\n<\/div>\n<p>Y, por otro lado, <a href=\"https:\/\/www.trendencias.com\/moda-famosas\/paula-echevarria-luce-vestido-mango-fresquito-para-hacer-frente-a-ola-calor\">Paula Echevarr\u00eda<\/a> tambi\u00e9n ha mostrado en su cuenta de Instagram este <strong>sencillo look con un vestido blanco cruzado de Lefties <\/strong>del que encontramos un modelo en la web muy similar, un poco m\u00e1s corto, con un precio de <a href=\"https:\/\/www.lefties.com\/es\/mujer\/vestido-cruzado-de-popel%C3%ADn-c1030267502p502634153.html?colorId=250\">15,99 euros<\/a> y que ha combinado con unas sandalias planas negras y bolso bandolera negro que no, este no es low cost, sino que es de <strong>Roger Vivier.<\/strong><\/p>\n<p><!-- BREAK 3 --><\/p>\n<p>Dos estilismos estupendos de cara a este verano, muy fresquitos, con los que no pasar calor sin renunciar al estilo.&nbsp;<\/p>\n<p><!-- BREAK 4 --><\/p>\n<p>Fotos | <a href=\"https:\/\/www.instagram.com\/pau_eche\/\">@pau_eche<\/a><\/p>\n","protected":false},"excerpt":{"rendered":"<p>Contar con un buen pu\u00f1ado de estilismos en los que inspirarnos de cara a este verano siempre es una buena idea y Paula Echevarr\u00eda es una fuente diaria de looks ideales en los que merece la pena fijarnos. Pero es que, adem\u00e1s, la actriz es de las que, tambi\u00e9n, apuesta por prendas asequibles, esas que [&hellip;]<\/p>\n","protected":false},"author":1,"featured_media":22566,"comment_status":"closed","ping_status":"closed","sticky":false,"template":"","format":"standard","meta":[],"categories":[1],"tags":[],"_links":{"self":[{"href":"http:\/\/hoycordobaweb.com\/index.php\/wp-json\/wp\/v2\/posts\/22565"}],"collection":[{"href":"http:\/\/hoycordobaweb.com\/index.php\/wp-json\/wp\/v2\/posts"}],"about":[{"href":"http:\/\/hoycordobaweb.com\/index.php\/wp-json\/wp\/v2\/types\/post"}],"author":[{"embeddable":true,"href":"http:\/\/hoycordobaweb.com\/index.php\/wp-json\/wp\/v2\/users\/1"}],"replies":[{"embeddable":true,"href":"http:\/\/hoycordobaweb.com\/index.php\/wp-json\/wp\/v2\/comments?post=22565"}],"version-history":[{"count":0,"href":"http:\/\/hoycordobaweb.com\/index.php\/wp-json\/wp\/v2\/posts\/22565\/revisions"}],"wp:featuredmedia":[{"embeddable":true,"href":"http:\/\/hoycordobaweb.com\/index.php\/wp-json\/wp\/v2\/media\/22566"}],"wp:attachment":[{"href":"http:\/\/hoycordobaweb.com\/index.php\/wp-json\/wp\/v2\/media?parent=22565"}],"wp:term":[{"taxonomy":"category","embeddable":true,"href":"http:\/\/hoycordobaweb.com\/index.php\/wp-json\/wp\/v2\/categories?post=22565"},{"taxonomy":"post_tag","embeddable":true,"href":"http:\/\/hoycordobaweb.com\/index.php\/wp-json\/wp\/v2\/tags?post=22565"}],"curies":[{"name":"wp","href":"https:\/\/api.w.org\/{rel}","templated":true}]}}