{"id":22512,"date":"2021-06-10T17:41:00","date_gmt":"2021-06-10T17:41:00","guid":{"rendered":"https:\/\/fm-comunicar.com.ar\/contenido\/17737\/termino-la-restauracion-del-monumento-al-inmigrante"},"modified":"2021-06-10T17:41:00","modified_gmt":"2021-06-10T17:41:00","slug":"termino-la-restauracion-del-monumento-al-inmigrante","status":"publish","type":"post","link":"http:\/\/hoycordobaweb.com\/index.php\/2021\/06\/10\/termino-la-restauracion-del-monumento-al-inmigrante\/","title":{"rendered":"Termin\u00f3 la restauraci\u00f3n del Monumento al Inmigrante"},"content":{"rendered":"<p>El trabajo de las especialistas en conservaci\u00f3n de patrimonio Laura Peschiutta y Roc\u00edo Guardia concluy\u00f3 hace algunas semanas. Ahora, la Municipalidad pondr\u00e1 el valor la rotonda.<img src=\"http:\/\/hoycordobaweb.com\/wp-content\/uploads\/2021\/06\/termino-la-restauracion-del-monumento-al-inmigrante.png\"><\/p>\n","protected":false},"excerpt":{"rendered":"<p>El trabajo de las especialistas en conservaci\u00f3n de patrimonio Laura Peschiutta y Roc\u00edo Guardia concluy\u00f3 hace algunas semanas. Ahora, la Municipalidad pondr\u00e1 el valor la rotonda.<\/p>\n","protected":false},"author":1,"featured_media":22513,"comment_status":"closed","ping_status":"closed","sticky":false,"template":"","format":"standard","meta":[],"categories":[18],"tags":[],"_links":{"self":[{"href":"http:\/\/hoycordobaweb.com\/index.php\/wp-json\/wp\/v2\/posts\/22512"}],"collection":[{"href":"http:\/\/hoycordobaweb.com\/index.php\/wp-json\/wp\/v2\/posts"}],"about":[{"href":"http:\/\/hoycordobaweb.com\/index.php\/wp-json\/wp\/v2\/types\/post"}],"author":[{"embeddable":true,"href":"http:\/\/hoycordobaweb.com\/index.php\/wp-json\/wp\/v2\/users\/1"}],"replies":[{"embeddable":true,"href":"http:\/\/hoycordobaweb.com\/index.php\/wp-json\/wp\/v2\/comments?post=22512"}],"version-history":[{"count":0,"href":"http:\/\/hoycordobaweb.com\/index.php\/wp-json\/wp\/v2\/posts\/22512\/revisions"}],"wp:featuredmedia":[{"embeddable":true,"href":"http:\/\/hoycordobaweb.com\/index.php\/wp-json\/wp\/v2\/media\/22513"}],"wp:attachment":[{"href":"http:\/\/hoycordobaweb.com\/index.php\/wp-json\/wp\/v2\/media?parent=22512"}],"wp:term":[{"taxonomy":"category","embeddable":true,"href":"http:\/\/hoycordobaweb.com\/index.php\/wp-json\/wp\/v2\/categories?post=22512"},{"taxonomy":"post_tag","embeddable":true,"href":"http:\/\/hoycordobaweb.com\/index.php\/wp-json\/wp\/v2\/tags?post=22512"}],"curies":[{"name":"wp","href":"https:\/\/api.w.org\/{rel}","templated":true}]}}