{"id":22505,"date":"2021-06-11T16:20:00","date_gmt":"2021-06-11T16:20:00","guid":{"rendered":"http:\/\/hoycordobaweb.com\/index.php\/2021\/06\/11\/cambios-en-la-lista-de-la-copa-america-julian-alvarez-reemplaza-a-alario\/"},"modified":"2021-06-11T16:20:00","modified_gmt":"2021-06-11T16:20:00","slug":"cambios-en-la-lista-de-la-copa-america-julian-alvarez-reemplaza-a-alario","status":"publish","type":"post","link":"http:\/\/hoycordobaweb.com\/index.php\/2021\/06\/11\/cambios-en-la-lista-de-la-copa-america-julian-alvarez-reemplaza-a-alario\/","title":{"rendered":"Cambios en la lista de la Copa Am\u00e9rica: Juli\u00e1n \u00c1lvarez reemplaza a Alario"},"content":{"rendered":"<p><img src=\"http:\/\/hoycordobaweb.com\/wp-content\/uploads\/2021\/06\/cambios-en-la-lista-de-la-copa-america-julian-alvarez-reemplaza-a-alario.jpg\"><\/p>\n<div class=\"image\" id=\"image\" readability=\"7\"> <img src=\"http:\/\/hoycordobaweb.com\/wp-content\/uploads\/2021\/06\/cambios-en-la-lista-de-la-copa-america-julian-alvarez-reemplaza-a-alario-2.jpg\" alt=\"Juli\u00e1n \u00c1lvarez ingres\u00f3 a la n\u00f3mina definitiva del seleccionado argentino para la Copa Am\u00e9rica.\" title=\"Juli\u00e1n \u00c1lvarez ingres\u00f3 a la n\u00f3mina definitiva del seleccionado argentino para la Copa Am\u00e9rica.\"><\/p>\n<p>Juli\u00e1n \u00c1lvarez ingres\u00f3 a la n\u00f3mina definitiva del seleccionado argentino para la Copa Am\u00e9rica.<\/p>\n<\/div>\n<p>El delantero de River Plate Juli\u00e1n \u00c1lvarez ingres\u00f3 a la n\u00f3mina definitiva del seleccionado argentino para la Copa Am\u00e9rica, que comenzar\u00e1 el domingo en Brasil, en reemplazo de Lucas Alario, que se recupera de una lesi\u00f3n, inform\u00f3 la Asociaci\u00f3n del F\u00fatbol Argentino (AFA).<\/p>\n<p>La Conmebol hab\u00eda publicado el jueves todas las n\u00f3minas de los seleccionados participantes en el torneo que comenzar\u00e1 este domingo en Brasil y en ella figuraba Alario, pese a que se recupera de una lesi\u00f3n de tend\u00f3n en el muslo derecho.<\/p>\n<p>La baja de Alario<\/p>\n<p>El delantero del Bayer Leverkusen de Alemania <strong>est\u00e1 inactivo desde el pasado 24 de abril <\/strong>cuando sufri\u00f3 la dolencia en un partido con Frankfurt, de la Bundesliga, por lo que no particip\u00f3 de la reciente doble fecha de Eliminatorias Sudamericanas para el Mundial Qatar 2022.<\/p>\n<p>El DT Lionel Scaloni esper\u00f3 su evoluci\u00f3n hasta \u00faltimo momento, al considerarlo <strong>un delantero importante en la renovaci\u00f3n que intenta llevar adelante en el equipo nacional<\/strong> tras el Mundial Rusia 2018.<\/p>\n<p>Alario, de 28 a\u00f1os, disput\u00f3 seis partidos del ciclo de Scaloni y anot\u00f3 dos goles, en los amistosos frente a Alemania (2-2) y Ecuador (6-1), en octubre de 2019.<\/p>\n<div class=\"image\" id=\"image\" readability=\"8\"> <img src=\"http:\/\/hoycordobaweb.com\/wp-content\/uploads\/2021\/06\/cambios-en-la-lista-de-la-copa-america-julian-alvarez-reemplaza-a-alario-3.jpg\" alt=\"El delantero del Bayer Leverkusen de Alemania est\u00e1 inactivo desde el pasado 24 de abril cuando sufri\u00f3 la dolencia en un partido con Frankfurt.\" title=\"El delantero del Bayer Leverkusen de Alemania est\u00e1 inactivo desde el pasado 24 de abril cuando sufri\u00f3 la dolencia en un partido con Frankfurt.\"><\/p>\n<p>El delantero del Bayer Leverkusen de Alemania est\u00e1 inactivo desde el pasado 24 de abril cuando sufri\u00f3 la dolencia en un partido con Frankfurt.<\/p>\n<\/div>\n<p>Los convocados<\/p>\n<p>La baja la <strong>abri\u00f3 la puerta al joven de River Juli\u00e1n \u00c1lvarez, de 21 a\u00f1os, debutante en el seleccionado mayor la semana pasada<\/strong> en el partido con Chile (1-1) en Santiago del Estero por las Eliminatorias.<\/p>\n<p>El resto de los jugadores cortados por Scaloni fueron los que hab\u00eda anticipado la Conmebol en la web oficial de la Copa Am\u00e9rica: el defensor Juan Foyth (Villarreal de Espa\u00f1a), el defensor Jos\u00e9 Luis Palomino (Atalanta de Italia) y los mediocampistas Lucas Ocampos (Sevilla de Espa\u00f1a) y Emiliano Buend\u00eda, recientemente transferido al Aston Villa de Inglaterra.<\/p>\n<p>La lista de 28 jugadores para la Copa Am\u00e9rica es la siguiente:<\/p>\n<p>Arqueros: Franco Armani (River Plate), Emiliano Mart\u00ednez (Aston Villa, Inglaterra), Agust\u00edn Marches\u00edn (Porto, Portugal) y Juan Musso (Udinese, Italia).<\/p>\n<p>Defensores: Gonzalo Montiel (River), Nicol\u00e1s Otamendi (Benfica, Portugal), Germ\u00e1n Pezzella (Fiorentina, Italia), Nicol\u00e1s Tagliafico (Ajax, Pa\u00edses Bajos), Lucas Mart\u00ednez Quarta (Fiorentina), Marcos Acu\u00f1a (Sevilla), Lisandro Mart\u00ednez (Ajax), Cristian Romero (Atalanta) y Nahuel Molina Lucero (Udinese).<\/p>\n<p>Mediocampistas: Leandro Paredes (PSG, Francia), Guido Rodr\u00edguez (Betis, Espa\u00f1a), Giovani Lo Celso (Tottenham Hotspur, Inglaterra), Exequiel Palacios (Bayer Leverkusen), Nicol\u00e1s Gonz\u00e1lez (Stuttgart, Alemania), \u00c1ngel Di Mar\u00eda (PSG), Rodrigo De Paul (Udinese), Alejandro G\u00f3mez (Sevilla), \u00c1ngel Correa (Atl\u00e9tico de Madrid, Espa\u00f1a) y Nicol\u00e1s Dom\u00ednguez (Bologna, Italia).<\/p>\n<p>Delanteros: Lionel Messi (Barcelona, Espa\u00f1a), Lautaro Mart\u00ednez (Inter, Italia), Joaqu\u00edn Correa (Lazio, Italia), Sergio Ag\u00fcero (Barcelona) y Juli\u00e1n \u00c1lvarez (River).<\/p>\n<p>Agenda de partidos<\/p>\n<p>El seleccionado argentino debutar\u00e1 en la Copa Am\u00e9rica este lunes cuando enfrente a Chile desde las 18 en el estadio Nilton Santos de R\u00edo de Janeiro por el Grupo A.<\/p>\n<p>El segundo partido del equipo de Scaloni ser\u00e1 el cl\u00e1sico rioplatense con Uruguay (viernes 18 en Brasilia), el tercero con Paraguay (lunes 21 en Brasilia) y el \u00faltimo de la zona con Bolivia (lunes 28 en Cuiab\u00e1).<\/p>\n<p>Argentina, con 14 t\u00edtulos, es el segundo seleccionado m\u00e1s ganador del torneo detr\u00e1s de Uruguay (15), pero no logra alzar la Copa Am\u00e9rica desde la edici\u00f3n Ecuador &#8217;93, lo que representa su sequ\u00eda m\u00e1s extensa en la historia de la competencia.<\/p>\n<p>En esa racha, la \u00abAlbiceleste\u00bb perdi\u00f3 cuatro finales: Per\u00fa 2004 y Venezuela 2007 ante Brasil; Chile 2015 y Estados Unidos 2016 contra el seleccionado chileno. <\/p>\n","protected":false},"excerpt":{"rendered":"<p>Juli\u00e1n \u00c1lvarez ingres\u00f3 a la n\u00f3mina definitiva del seleccionado argentino para la Copa Am\u00e9rica. El delantero de River Plate Juli\u00e1n \u00c1lvarez ingres\u00f3 a la n\u00f3mina definitiva del seleccionado argentino para la Copa Am\u00e9rica, que comenzar\u00e1 el domingo en Brasil, en reemplazo de Lucas Alario, que se recupera de una lesi\u00f3n, inform\u00f3 la Asociaci\u00f3n del F\u00fatbol [&hellip;]<\/p>\n","protected":false},"author":1,"featured_media":22506,"comment_status":"open","ping_status":"closed","sticky":false,"template":"","format":"standard","meta":[],"categories":[16],"tags":[],"_links":{"self":[{"href":"http:\/\/hoycordobaweb.com\/index.php\/wp-json\/wp\/v2\/posts\/22505"}],"collection":[{"href":"http:\/\/hoycordobaweb.com\/index.php\/wp-json\/wp\/v2\/posts"}],"about":[{"href":"http:\/\/hoycordobaweb.com\/index.php\/wp-json\/wp\/v2\/types\/post"}],"author":[{"embeddable":true,"href":"http:\/\/hoycordobaweb.com\/index.php\/wp-json\/wp\/v2\/users\/1"}],"replies":[{"embeddable":true,"href":"http:\/\/hoycordobaweb.com\/index.php\/wp-json\/wp\/v2\/comments?post=22505"}],"version-history":[{"count":0,"href":"http:\/\/hoycordobaweb.com\/index.php\/wp-json\/wp\/v2\/posts\/22505\/revisions"}],"wp:featuredmedia":[{"embeddable":true,"href":"http:\/\/hoycordobaweb.com\/index.php\/wp-json\/wp\/v2\/media\/22506"}],"wp:attachment":[{"href":"http:\/\/hoycordobaweb.com\/index.php\/wp-json\/wp\/v2\/media?parent=22505"}],"wp:term":[{"taxonomy":"category","embeddable":true,"href":"http:\/\/hoycordobaweb.com\/index.php\/wp-json\/wp\/v2\/categories?post=22505"},{"taxonomy":"post_tag","embeddable":true,"href":"http:\/\/hoycordobaweb.com\/index.php\/wp-json\/wp\/v2\/tags?post=22505"}],"curies":[{"name":"wp","href":"https:\/\/api.w.org\/{rel}","templated":true}]}}