{"id":22489,"date":"2021-06-10T18:36:28","date_gmt":"2021-06-10T18:36:28","guid":{"rendered":"https:\/\/www.trendencias.com\/belleza\/paula-echevarria-vuelve-a-acertar-lleno-su-nueva-manicura-que-queremos-copiar"},"modified":"2021-06-10T18:36:28","modified_gmt":"2021-06-10T18:36:28","slug":"paula-echevarria-vuelve-a-acertar-de-lleno-con-su-nueva-manicura-que-ya-queremos-copiar","status":"publish","type":"post","link":"http:\/\/hoycordobaweb.com\/index.php\/2021\/06\/10\/paula-echevarria-vuelve-a-acertar-de-lleno-con-su-nueva-manicura-que-ya-queremos-copiar\/","title":{"rendered":"Paula Echevarr\u00eda vuelve a acertar de lleno con su nueva manicura que ya queremos copiar"},"content":{"rendered":"<p>Tenemos que reconocer que \u00faltimamente <a href=\"https:\/\/www.trendencias.com\/moda-famosas\/paula-echevarria-luce-vestido-mango-fresquito-para-hacer-frente-a-ola-calor\">Paula Echevarr\u00eda <\/a>nos est\u00e1 sorprendiendo muy gratamente con sus manicuras. Ella que no sol\u00eda lucir dise\u00f1os diferentes, m\u00e1s all\u00e1 de los <strong>esmaltes de u\u00f1as m\u00e1s cl\u00e1sicos<\/strong>, estas \u00faltimas semanas nos est\u00e1 conquistando muy a lo grande.<\/p>\n<p><!-- BREAK 1 --><\/p>\n<div class=\"article-asset article-asset-normal article-asset-center\">\n<div class=\"desvio-container\">\n<div class=\"desvio\">\n<div class=\"desvio-figure js-desvio-figure\"> <a href=\"https:\/\/www.trendencias.com\/belleza\/antiestrias-crema-drenante-activador-bronceado-aceite-corporal-cuatro-basicos-paula-echevarria-que-se-cuida-dar-a-luz\"> <img alt=\"Un antiestr\u00edas, una crema drenante, un activador del bronceado y un aceite corporal: cuatro b\u00e1sicos de Paula Echevarr\u00eda con los que se cuida tras dar a luz \" src=\"http:\/\/hoycordobaweb.com\/wp-content\/uploads\/2021\/06\/paula-echevarria-vuelve-a-acertar-de-lleno-con-su-nueva-manicura-que-ya-queremos-copiar.jpg\"> <\/a> <\/div><\/div><\/div>\n<\/div>\n<div class=\"article-asset-image article-asset-normal article-asset-center\">\n<div class=\"asset-content\"> <img class=\"sf-lazy centro_sinmarco\" data-sf-srcset=\"http:\/\/hoycordobaweb.com\/wp-content\/uploads\/2021\/06\/paula-echevarria-vuelve-a-acertar-de-lleno-con-su-nueva-manicura-que-ya-queremos-copiar-1.jpg 450w, http:\/\/hoycordobaweb.com\/wp-content\/uploads\/2021\/06\/paula-echevarria-vuelve-a-acertar-de-lleno-con-su-nueva-manicura-que-ya-queremos-copiar-4.jpg 681w,http:\/\/hoycordobaweb.com\/wp-content\/uploads\/2021\/06\/paula-echevarria-vuelve-a-acertar-de-lleno-con-su-nueva-manicura-que-ya-queremos-copiar-5.jpg 1024w, http:\/\/hoycordobaweb.com\/wp-content\/uploads\/2021\/06\/paula-echevarria-vuelve-a-acertar-de-lleno-con-su-nueva-manicura-que-ya-queremos-copiar-6.jpg 1366w,\" data-sf-src=\"http:\/\/hoycordobaweb.com\/wp-content\/uploads\/2021\/06\/paula-echevarria-vuelve-a-acertar-de-lleno-con-su-nueva-manicura-que-ya-queremos-copiar-1.jpg\" alt=\"Img 3789\"> <noscript><img alt=\"Img 3789\" class=\"centro_sinmarco\" src=\"http:\/\/hoycordobaweb.com\/wp-content\/uploads\/2021\/06\/paula-echevarria-vuelve-a-acertar-de-lleno-con-su-nueva-manicura-que-ya-queremos-copiar-1.jpg\"><\/noscript> <\/div>\n<\/div>\n<p>As\u00ed, entre las \u00faltimas tenemos que destacar aquel dise\u00f1o en el que, sobre una <a href=\"https:\/\/www.trendencias.com\/belleza\/paula-echevarria-nos-inspira-su-manicura-que-super-sencilla-copiar-ideal-para-lucir-esta-primavera\">base muy natural, luc\u00eda un sencillo punto negro <\/a>o aquella otra<a href=\"https:\/\/www.trendencias.com\/belleza\/ultima-manicura-paula-echevarria-autentico-flechazo\"> manicura francesa de colores<\/a> que fue un aut\u00e9ntico flechazo para nosotras.<\/p>\n<p><!-- BREAK 2 --> <\/p>\n<p>Pues bien, la \u00faltima que ha mostrado a trav\u00e9s de su cuenta de Instagram no se queda atr\u00e1s y es una fiel competidora de sus antecesoras porque <strong>combina la sencillez y elegancia <\/strong>de un <a href=\"https:\/\/www.trendencias.com\/belleza\/estos-dos-esmaltes-tonos-naturales-essie-compro-otra-vez-porque-dejan-unas-preciosas-elegantes\">tono porcelana cl\u00e1sico<\/a>, pero d\u00e1ndole un giro.<\/p>\n<p><!-- BREAK 3 --><\/p>\n<div class=\"article-asset-image article-asset-normal article-asset-center\">\n<div class=\"asset-content\"> <img class=\"sf-lazy centro_sinmarco\" data-sf-srcset=\"http:\/\/hoycordobaweb.com\/wp-content\/uploads\/2021\/06\/paula-echevarria-vuelve-a-acertar-de-lleno-con-su-nueva-manicura-que-ya-queremos-copiar-2.jpg 450w, http:\/\/hoycordobaweb.com\/wp-content\/uploads\/2021\/06\/paula-echevarria-vuelve-a-acertar-de-lleno-con-su-nueva-manicura-que-ya-queremos-copiar-7.jpg 681w,http:\/\/hoycordobaweb.com\/wp-content\/uploads\/2021\/06\/paula-echevarria-vuelve-a-acertar-de-lleno-con-su-nueva-manicura-que-ya-queremos-copiar-8.jpg 1024w, http:\/\/hoycordobaweb.com\/wp-content\/uploads\/2021\/06\/paula-echevarria-vuelve-a-acertar-de-lleno-con-su-nueva-manicura-que-ya-queremos-copiar-9.jpg 1366w,\" data-sf-src=\"http:\/\/hoycordobaweb.com\/wp-content\/uploads\/2021\/06\/paula-echevarria-vuelve-a-acertar-de-lleno-con-su-nueva-manicura-que-ya-queremos-copiar-2.jpg\" alt=\"Img 3791\"> <noscript><img alt=\"Img 3791\" class=\"centro_sinmarco\" src=\"http:\/\/hoycordobaweb.com\/wp-content\/uploads\/2021\/06\/paula-echevarria-vuelve-a-acertar-de-lleno-con-su-nueva-manicura-que-ya-queremos-copiar-2.jpg\"><\/noscript> <\/div>\n<\/div>\n<p>Y es que ha sumado un <strong>estilo geom\u00e9trico <\/strong>con unas l\u00edneas blancas muy finas que casi se funden con la propia base. Un &nbsp;resultado ideal para apostar por algo diferente pero sin ser demasiado llamativo. Vamos, que a las que no nos gusta mucho innovar, nos ha conquistado por completo.<\/p>\n<p><!-- BREAK 4 --><\/p>\n<p>Fotos | <a href=\"https:\/\/www.instagram.com\/pau_eche\/\">@pau_eche<\/a><\/p>\n","protected":false},"excerpt":{"rendered":"<p>Tenemos que reconocer que \u00faltimamente Paula Echevarr\u00eda nos est\u00e1 sorprendiendo muy gratamente con sus manicuras. Ella que no sol\u00eda lucir dise\u00f1os diferentes, m\u00e1s all\u00e1 de los esmaltes de u\u00f1as m\u00e1s cl\u00e1sicos, estas \u00faltimas semanas nos est\u00e1 conquistando muy a lo grande. As\u00ed, entre las \u00faltimas tenemos que destacar aquel dise\u00f1o en el que, sobre una [&hellip;]<\/p>\n","protected":false},"author":1,"featured_media":22490,"comment_status":"closed","ping_status":"closed","sticky":false,"template":"","format":"standard","meta":[],"categories":[1],"tags":[],"_links":{"self":[{"href":"http:\/\/hoycordobaweb.com\/index.php\/wp-json\/wp\/v2\/posts\/22489"}],"collection":[{"href":"http:\/\/hoycordobaweb.com\/index.php\/wp-json\/wp\/v2\/posts"}],"about":[{"href":"http:\/\/hoycordobaweb.com\/index.php\/wp-json\/wp\/v2\/types\/post"}],"author":[{"embeddable":true,"href":"http:\/\/hoycordobaweb.com\/index.php\/wp-json\/wp\/v2\/users\/1"}],"replies":[{"embeddable":true,"href":"http:\/\/hoycordobaweb.com\/index.php\/wp-json\/wp\/v2\/comments?post=22489"}],"version-history":[{"count":0,"href":"http:\/\/hoycordobaweb.com\/index.php\/wp-json\/wp\/v2\/posts\/22489\/revisions"}],"wp:featuredmedia":[{"embeddable":true,"href":"http:\/\/hoycordobaweb.com\/index.php\/wp-json\/wp\/v2\/media\/22490"}],"wp:attachment":[{"href":"http:\/\/hoycordobaweb.com\/index.php\/wp-json\/wp\/v2\/media?parent=22489"}],"wp:term":[{"taxonomy":"category","embeddable":true,"href":"http:\/\/hoycordobaweb.com\/index.php\/wp-json\/wp\/v2\/categories?post=22489"},{"taxonomy":"post_tag","embeddable":true,"href":"http:\/\/hoycordobaweb.com\/index.php\/wp-json\/wp\/v2\/tags?post=22489"}],"curies":[{"name":"wp","href":"https:\/\/api.w.org\/{rel}","templated":true}]}}