{"id":22438,"date":"2021-06-10T17:51:00","date_gmt":"2021-06-10T17:51:00","guid":{"rendered":"http:\/\/hoycordobaweb.com\/index.php\/2021\/06\/10\/condenan-en-francia-a-cuatro-meses-de-prision-al-hombre-que-abofeteo-a-macron\/"},"modified":"2021-06-10T17:51:00","modified_gmt":"2021-06-10T17:51:00","slug":"condenan-en-francia-a-cuatro-meses-de-prision-al-hombre-que-abofeteo-a-macron","status":"publish","type":"post","link":"http:\/\/hoycordobaweb.com\/index.php\/2021\/06\/10\/condenan-en-francia-a-cuatro-meses-de-prision-al-hombre-que-abofeteo-a-macron\/","title":{"rendered":"Condenan en Francia a cuatro meses de prisi\u00f3n al hombre que abofete\u00f3 a Macron"},"content":{"rendered":"<p><img src=\"http:\/\/hoycordobaweb.com\/wp-content\/uploads\/2021\/06\/condenan-en-francia-a-cuatro-meses-de-prision-al-hombre-que-abofeteo-a-macron.jpg\"><\/p>\n<div class=\"image\" id=\"image\" readability=\"8\"> <img src=\"http:\/\/hoycordobaweb.com\/wp-content\/uploads\/2021\/06\/condenan-en-francia-a-cuatro-meses-de-prision-al-hombre-que-abofeteo-a-macron-2.jpg\" alt=\"Macron recibi\u00f3 una bofetada cuando se puso a conversar con un grupo de personas en la ciudad de Tain-l'Hermitage.\" title=\"Macron recibi\u00f3 una bofetada cuando se puso a conversar con un grupo de personas en la ciudad de Tain-l'Hermitage.\"><\/p>\n<p>Macron recibi\u00f3 una bofetada cuando se puso a conversar con un grupo de personas en la ciudad de Tain-l&#8217;Hermitage.<\/p>\n<\/div>\n<p>La justicia francesa conden\u00f3 a cuatro meses de prisi\u00f3n <strong><a href=\"https:\/\/www.telam.com.ar\/notas\/202106\/556968-cachetada-macron-sur-francia.html\" target=\"_blank\" rel=\"noopener noreferrer\">al hombre que el martes \u00faltimo le dio una cachetada al presidente Emmanuel Macron<\/a><\/strong>, inform\u00f3 el canal de televisi\u00f3n francesa BFM TV.<\/p>\n<p>\u00abDamien Tarel fue condenado a cuatro meses de prisi\u00f3n con una orden de internamiento\u00bb, comunic\u00f3 el medio.<\/p>\n<p>La Corte tambi\u00e9n le prohibi\u00f3 al acusado portar armas por un plazo de cinco a\u00f1os e impuso una prohibici\u00f3n definitiva de ejercer cualquier cargo p\u00fablico, inform\u00f3 la agencia de noticias Sputnik.<\/p>\n<p>En un video subido a Twitter, se ve a Macron acercarse a un grupo de personas ubicada detr\u00e1s de una valla en la ciudad de Tain-l&#8217;Hermitage, en el sureste franc\u00e9s.<\/p>\n<p>El mandatario se pone a conversar con un hombre, quien luego de decirle unas breves palabras lo toma de su antebrazo y le da una cachetada del lado izquierdo de su rostro.<\/p>\n<p>La Presidencia francesa confirm\u00f3 la autenticidad de las im\u00e1genes y dijo que Macron fue v\u00edctima de un \u00abintento de cachetada\u00bb.<\/p>\n<p>El mandatario aparece en el video rodeado de guardaespaldas, dos de los cuales se abalanzan sobre el agresor mientras que el resto saca a Macron del lugar de inmediato.<\/p>\n<p>El incidente ocurri\u00f3 en la entrada de un colegio donde el mandatario acababa de dialogar con estudiantes que eran formados para trabajar en hoteles y restaurantes.<\/p>\n<p>El primer ministro Jean Castex tom\u00f3 la palabra en la Asamblea Nacional para condenar el intento de agresi\u00f3n.<\/p>\n<p><strong>\u00abLa pol\u00edtica no puede ser la violencia, la agresi\u00f3n verbal y menos la agresi\u00f3n f\u00edsica\u00bb<\/strong>, dijo Castex.<\/p>\n<p>Los l\u00edderes de la oposici\u00f3n tambi\u00e9n condenaron la agresi\u00f3n.<\/p>\n<p>\u00abEs inadmisible atacar f\u00edsicamente al Presidente de la Rep\u00fablica, a responsables pol\u00edticos, pero m\u00e1s a\u00fan al Presidente\u00bb, declar\u00f3 la pol\u00edtica de extrema derecha Marine Le Pen.<\/p>\n<p>\u00abSoy solidario con el Presidente\u00bb, afirm\u00f3 en su cuenta Twitter el l\u00edder de izquierda Jean-Luc M\u00e9lenchon.&nbsp;<\/p>\n<div class=\"js-code\" readability=\"6.021472392638\">\n<blockquote class=\"twitter-tweet\" readability=\"5.558282208589\">\n<p lang=\"fr\" dir=\"ltr\">Cette fois-ci vous commencez \u00e0 comprendre que les violents passent \u00e0 l&#8217;acte ? Je suis solidaire du Pr\u00e9sident.<\/p>\n<p>\u2014 Jean-Luc M\u00e9lenchon (@JLMelenchon) <a href=\"https:\/\/twitter.com\/JLMelenchon\/status\/1402245034725068802?ref_src=twsrc%5Etfw\">June 8, 2021<\/a><\/p><\/blockquote><\/div>\n","protected":false},"excerpt":{"rendered":"<p>Macron recibi\u00f3 una bofetada cuando se puso a conversar con un grupo de personas en la ciudad de Tain-l&#8217;Hermitage. La justicia francesa conden\u00f3 a cuatro meses de prisi\u00f3n al hombre que el martes \u00faltimo le dio una cachetada al presidente Emmanuel Macron, inform\u00f3 el canal de televisi\u00f3n francesa BFM TV. \u00abDamien Tarel fue condenado a [&hellip;]<\/p>\n","protected":false},"author":1,"featured_media":22439,"comment_status":"open","ping_status":"closed","sticky":false,"template":"","format":"standard","meta":[],"categories":[24],"tags":[],"_links":{"self":[{"href":"http:\/\/hoycordobaweb.com\/index.php\/wp-json\/wp\/v2\/posts\/22438"}],"collection":[{"href":"http:\/\/hoycordobaweb.com\/index.php\/wp-json\/wp\/v2\/posts"}],"about":[{"href":"http:\/\/hoycordobaweb.com\/index.php\/wp-json\/wp\/v2\/types\/post"}],"author":[{"embeddable":true,"href":"http:\/\/hoycordobaweb.com\/index.php\/wp-json\/wp\/v2\/users\/1"}],"replies":[{"embeddable":true,"href":"http:\/\/hoycordobaweb.com\/index.php\/wp-json\/wp\/v2\/comments?post=22438"}],"version-history":[{"count":0,"href":"http:\/\/hoycordobaweb.com\/index.php\/wp-json\/wp\/v2\/posts\/22438\/revisions"}],"wp:featuredmedia":[{"embeddable":true,"href":"http:\/\/hoycordobaweb.com\/index.php\/wp-json\/wp\/v2\/media\/22439"}],"wp:attachment":[{"href":"http:\/\/hoycordobaweb.com\/index.php\/wp-json\/wp\/v2\/media?parent=22438"}],"wp:term":[{"taxonomy":"category","embeddable":true,"href":"http:\/\/hoycordobaweb.com\/index.php\/wp-json\/wp\/v2\/categories?post=22438"},{"taxonomy":"post_tag","embeddable":true,"href":"http:\/\/hoycordobaweb.com\/index.php\/wp-json\/wp\/v2\/tags?post=22438"}],"curies":[{"name":"wp","href":"https:\/\/api.w.org\/{rel}","templated":true}]}}