{"id":22434,"date":"2021-06-10T17:26:15","date_gmt":"2021-06-10T17:26:15","guid":{"rendered":"http:\/\/hoycordobaweb.com\/index.php\/2021\/06\/10\/santiago-silva-contundente-en-un-momento-tuve-que-sentarme-a-negociar-mi-suspension\/"},"modified":"2021-06-10T17:26:15","modified_gmt":"2021-06-10T17:26:15","slug":"santiago-silva-contundente-en-un-momento-tuve-que-sentarme-a-negociar-mi-suspension","status":"publish","type":"post","link":"http:\/\/hoycordobaweb.com\/index.php\/2021\/06\/10\/santiago-silva-contundente-en-un-momento-tuve-que-sentarme-a-negociar-mi-suspension\/","title":{"rendered":"Santiago Silva, contundente: &quot;En un momento tuve que sentarme a negociar mi suspensi\u00f3n&quot;"},"content":{"rendered":"<p>Adem\u00e1s, el ex futbolista de Argentinos Juniors apunt\u00f3 contra los dirigentes del <b>f\u00fatbol argentino<\/b>: &quot;Me parece extra\u00f1o que no haya referentes del f\u00fatbol&nbsp;&#8230; <\/p>\n","protected":false},"excerpt":{"rendered":"<p>Adem\u00e1s, el ex futbolista de Argentinos Juniors apunt\u00f3 contra los dirigentes del f\u00fatbol argentino: &quot;Me parece extra\u00f1o que no haya referentes del f\u00fatbol&nbsp;&#8230;<\/p>\n","protected":false},"author":1,"featured_media":0,"comment_status":"closed","ping_status":"closed","sticky":false,"template":"","format":"standard","meta":[],"categories":[22],"tags":[],"_links":{"self":[{"href":"http:\/\/hoycordobaweb.com\/index.php\/wp-json\/wp\/v2\/posts\/22434"}],"collection":[{"href":"http:\/\/hoycordobaweb.com\/index.php\/wp-json\/wp\/v2\/posts"}],"about":[{"href":"http:\/\/hoycordobaweb.com\/index.php\/wp-json\/wp\/v2\/types\/post"}],"author":[{"embeddable":true,"href":"http:\/\/hoycordobaweb.com\/index.php\/wp-json\/wp\/v2\/users\/1"}],"replies":[{"embeddable":true,"href":"http:\/\/hoycordobaweb.com\/index.php\/wp-json\/wp\/v2\/comments?post=22434"}],"version-history":[{"count":0,"href":"http:\/\/hoycordobaweb.com\/index.php\/wp-json\/wp\/v2\/posts\/22434\/revisions"}],"wp:attachment":[{"href":"http:\/\/hoycordobaweb.com\/index.php\/wp-json\/wp\/v2\/media?parent=22434"}],"wp:term":[{"taxonomy":"category","embeddable":true,"href":"http:\/\/hoycordobaweb.com\/index.php\/wp-json\/wp\/v2\/categories?post=22434"},{"taxonomy":"post_tag","embeddable":true,"href":"http:\/\/hoycordobaweb.com\/index.php\/wp-json\/wp\/v2\/tags?post=22434"}],"curies":[{"name":"wp","href":"https:\/\/api.w.org\/{rel}","templated":true}]}}