{"id":22356,"date":"2021-06-09T15:37:54","date_gmt":"2021-06-09T15:37:54","guid":{"rendered":"http:\/\/ladecimaweb.com\/?p=9894"},"modified":"2021-06-09T15:37:54","modified_gmt":"2021-06-09T15:37:54","slug":"renuevan-tendido-electrico-para-mejoramiento-barrial-de-villa-el-libertador","status":"publish","type":"post","link":"http:\/\/hoycordobaweb.com\/index.php\/2021\/06\/09\/renuevan-tendido-electrico-para-mejoramiento-barrial-de-villa-el-libertador\/","title":{"rendered":"Renuevan tendido el\u00e9ctrico para mejoramiento barrial de Villa El Libertador"},"content":{"rendered":"<p>&nbsp;<\/p>\n<p><em>(Info de gobierno)<\/em> En el marco de <strong>recuperaci\u00f3n y revalorizaci\u00f3n de Villa El Libertador,<\/strong> la Municipalidad de C\u00f3rdoba, a trav\u00e9s de C\u00f3rdoba Obras y Servicios, avanza con<strong> la instalaci\u00f3n del tendido de red el\u00e9ctrica de 8.284 metros, el montaje de 273 columnas y la instalaci\u00f3n de 263 artefactos de Iluminaci\u00f3n vial led<\/strong> para 45 manzanas de esta populosa barriada.<\/p>\n<p>Los trabajos de la nueva red el\u00e9ctrica y alumbrado p\u00fablico corresponden al Lote 2 de la Licitaci\u00f3n N\u00b009\/19, dentro del <strong>programa &#8220;Proyecto Integral de H\u00e1bitat y Vivienda&#8221;<\/strong>, que se realiza a trav\u00e9s del pr\u00e9stamo obtenido por el Banco Internacional para la Reconstrucci\u00f3n y el Fomento (BIRF).<\/p>\n<p><img loading=\"lazy\" class=\" wp-image-9897 aligncenter\" src=\"http:\/\/hoycordobaweb.com\/wp-content\/uploads\/2021\/06\/renuevan-tendido-electrico-para-mejoramiento-barrial-de-villa-el-libertador.jpg\" alt=\"\" width=\"446\" height=\"297\" srcset=\"http:\/\/hoycordobaweb.com\/wp-content\/uploads\/2021\/06\/renuevan-tendido-electrico-para-mejoramiento-barrial-de-villa-el-libertador.jpg 1280w, http:\/\/hoycordobaweb.com\/wp-content\/uploads\/2021\/06\/renuevan-tendido-electrico-para-mejoramiento-barrial-de-villa-el-libertador-2.jpg 666w, http:\/\/hoycordobaweb.com\/wp-content\/uploads\/2021\/06\/renuevan-tendido-electrico-para-mejoramiento-barrial-de-villa-el-libertador-3.jpg 768w\" sizes=\"(max-width: 446px) 100vw, 446px\" \/><\/p>\n<p><strong>El plazo de ejecuci\u00f3n de obra es de seis meses y la inversi\u00f3n prevista asciende a $23.103.712,00,<\/strong> para lo cual se requieren 30 puestos de trabajo.<\/p>\n<p><strong>Esta obra se complementa a los trabajos de cloacas que el Municipio ejecuta en esta barriada.<\/strong> Hasta el momento,<strong> se llevan instalados casi 1700 metros de ca\u00f1er\u00edas y 159 conexiones domiciliarias,<\/strong> lo que representa un 19,3% del total. A su vez, se encuentra en ejecuci\u00f3n dos empalmes a boca de registro y siete sumideros.<\/p>\n<p><img loading=\"lazy\" class=\" wp-image-9896 aligncenter\" src=\"http:\/\/hoycordobaweb.com\/wp-content\/uploads\/2021\/06\/renuevan-tendido-electrico-para-mejoramiento-barrial-de-villa-el-libertador-1.jpg\" alt=\"\" width=\"505\" height=\"336\" srcset=\"http:\/\/hoycordobaweb.com\/wp-content\/uploads\/2021\/06\/renuevan-tendido-electrico-para-mejoramiento-barrial-de-villa-el-libertador-1.jpg 1280w, http:\/\/hoycordobaweb.com\/wp-content\/uploads\/2021\/06\/renuevan-tendido-electrico-para-mejoramiento-barrial-de-villa-el-libertador-4.jpg 666w, http:\/\/hoycordobaweb.com\/wp-content\/uploads\/2021\/06\/renuevan-tendido-electrico-para-mejoramiento-barrial-de-villa-el-libertador-5.jpg 768w\" sizes=\"(max-width: 505px) 100vw, 505px\" \/><\/p>\n<p>En el d\u00eda de hoy, <strong>Victoria Flores, presidenta de C\u00f3rdoba obras y servicios<\/strong>, recorri\u00f3 el avance de obra: \u201cEsta gesti\u00f3n est\u00e1 saldando con los vecinos una deuda del Municipio, luego de a\u00f1os de abandono. <strong>Las cloacas y las luminarias son un compromiso que est\u00e1 cumpliendo el intendente Mart\u00edn Llaryora con las vecinas y vecinos de esta zona\u201d.<\/strong><\/p>\n<p>&nbsp;<\/p>\n<div class=\"ubm_banner\"><a href=\"https:\/\/www.youtube.com\/watch?v=4MQW8zM648g\" target=\"_blank\" rel=\"dofollow noopener noreferrer\"><img src=\"http:\/\/hoycordobaweb.com\/wp-content\/uploads\/2021\/06\/renuevan-tendido-electrico-para-mejoramiento-barrial-de-villa-el-libertador.gif\" alt=\"\"><\/a><\/div>\n<p>&nbsp;<\/p>\n<p>La entrada <a rel=\"nofollow\" href=\"https:\/\/ladecimaweb.com\/renuevan-tendido-electrico-para-mejoramiento-barrial-de-villa-el-libertador\/\">Renuevan tendido el\u00e9ctrico para mejoramiento barrial de Villa El Libertador<\/a> se public\u00f3 primero en <a rel=\"nofollow\" href=\"https:\/\/ladecimaweb.com\">LaDecima<\/a>.<\/p>\n","protected":false},"excerpt":{"rendered":"<p>&nbsp; (Info de gobierno) En el marco de recuperaci\u00f3n y revalorizaci\u00f3n de Villa El Libertador, la Municipalidad de C\u00f3rdoba, a trav\u00e9s de C\u00f3rdoba Obras y Servicios, avanza con la instalaci\u00f3n del tendido de red el\u00e9ctrica de 8.284 metros, el montaje de 273 columnas y la instalaci\u00f3n de 263 artefactos de Iluminaci\u00f3n vial led para 45 [&hellip;]<\/p>\n","protected":false},"author":1,"featured_media":22357,"comment_status":"closed","ping_status":"closed","sticky":false,"template":"","format":"standard","meta":[],"categories":[19],"tags":[],"_links":{"self":[{"href":"http:\/\/hoycordobaweb.com\/index.php\/wp-json\/wp\/v2\/posts\/22356"}],"collection":[{"href":"http:\/\/hoycordobaweb.com\/index.php\/wp-json\/wp\/v2\/posts"}],"about":[{"href":"http:\/\/hoycordobaweb.com\/index.php\/wp-json\/wp\/v2\/types\/post"}],"author":[{"embeddable":true,"href":"http:\/\/hoycordobaweb.com\/index.php\/wp-json\/wp\/v2\/users\/1"}],"replies":[{"embeddable":true,"href":"http:\/\/hoycordobaweb.com\/index.php\/wp-json\/wp\/v2\/comments?post=22356"}],"version-history":[{"count":0,"href":"http:\/\/hoycordobaweb.com\/index.php\/wp-json\/wp\/v2\/posts\/22356\/revisions"}],"wp:featuredmedia":[{"embeddable":true,"href":"http:\/\/hoycordobaweb.com\/index.php\/wp-json\/wp\/v2\/media\/22357"}],"wp:attachment":[{"href":"http:\/\/hoycordobaweb.com\/index.php\/wp-json\/wp\/v2\/media?parent=22356"}],"wp:term":[{"taxonomy":"category","embeddable":true,"href":"http:\/\/hoycordobaweb.com\/index.php\/wp-json\/wp\/v2\/categories?post=22356"},{"taxonomy":"post_tag","embeddable":true,"href":"http:\/\/hoycordobaweb.com\/index.php\/wp-json\/wp\/v2\/tags?post=22356"}],"curies":[{"name":"wp","href":"https:\/\/api.w.org\/{rel}","templated":true}]}}