{"id":2213,"date":"2020-09-25T08:31:07","date_gmt":"2020-09-25T08:31:07","guid":{"rendered":"https:\/\/www.trendencias.com\/belleza\/alla-estrellas-estee-lauder-viaja-al-espacio-mano-nasa"},"modified":"2020-09-25T08:31:07","modified_gmt":"2020-09-25T08:31:07","slug":"mas-alla-de-las-estrellas-estee-lauder-viaja-al-espacio-de-la-mano-de-la-nasa","status":"publish","type":"post","link":"http:\/\/hoycordobaweb.com\/index.php\/2020\/09\/25\/mas-alla-de-las-estrellas-estee-lauder-viaja-al-espacio-de-la-mano-de-la-nasa\/","title":{"rendered":"M\u00e1s all\u00e1 de las estrellas: Est\u00e9e Lauder viaja al espacio de la mano de la NASA"},"content":{"rendered":"<div readability=\"64.760432766615\">\n<p>Hay noticias curiosas en el mundo de la belleza y luego est\u00e1 esta que nos ha dejado a todos bastante ojipl\u00e1ticos. Y es que saber que las m\u00edticas botellitas marrones del <strong>suero <\/strong><a href=\"https:\/\/www.trendencias.com\/belleza\/estee-lauder-reinventa-su-mitico-suero-advanced-night-repair\">Advanced Night Repair de Est\u00e9e Lauder <\/a><strong>van a viajar al espacio,<\/strong> nos ha alucinado.<\/p>\n<p><!-- BREAK 1 --><\/p>\n<p>Pues s\u00ed <strong>Est\u00e9e Lauder va a mandar diez botellitas a los astronautas de la Nasa<\/strong>, los que se encuentran en la Estaci\u00f3n Espacial Internacional, y estos podr\u00e1n disfrutar de sus bondades a la vez que, seg\u00fan se dice, <strong>rueden comerciales<\/strong>. Vamos, que el escenario de rodaje de las cu\u00f1as publicitarias se extiende m\u00e1s all\u00e1 de todas las fronteras, llegando a las estrellas.<\/p>\n<p><!-- BREAK 2 --> <\/p>\n<div class=\"article-asset article-asset-normal article-asset-center\">\n<div class=\"desvio-container\">\n<div class=\"desvio\">\n<div class=\"desvio-figure js-desvio-figure\"> <a href=\"https:\/\/www.trendencias.com\/belleza\/estee-lauder-tambien-comienza-fabricacion-gel-sanitario\"> <img alt=\"Est\u00e9e Lauder tambi\u00e9n comienza la fabricaci\u00f3n de gel sanitario \" src=\"http:\/\/hoycordobaweb.com\/wp-content\/uploads\/2020\/09\/mas-alla-de-las-estrellas-estee-lauder-viaja-al-espacio-de-la-mano-de-la-nasa.jpg\"> <\/a> <\/div><\/div><\/div>\n<\/div>\n<p>A finales de este mes llegar\u00e1n a la Estaci\u00f3n y en ese entorno de gravedad cero se espera que los astronautas <strong>ofrezcan material que luego pueda usarse en las campa\u00f1as del gigante de la cosm\u00e9tica<\/strong>. Eso s\u00ed, se prev\u00e9 que los propios astronautas no aparezcan en ning\u00fan anuncio de cosm\u00e9ticos por las pol\u00edticas de \u00e9tica de la agencia espacial que proh\u00edben estrictamente que estos protagonicen campa\u00f1as de marketing.<\/p>\n<p><!-- BREAK 3 --><\/p>\n<p>Como dato, se\u00f1alar que <a href=\"https:\/\/www.newscientist.com\/article\/mg24733002-100-nasa-to-film-an-estee-lauder-ad-in-space-as-the-iss-opens-for-business\/\">seg\u00fan se dice<\/a>, <strong>ser\u00e1 la propia NASA la que se haga cargo del coste de la misi\u00f3n<\/strong>, aunque seg\u00fan el acuerdo, se espera que el socio de Est\u00e9e Lauder para el proyecto, <a href=\"https:\/\/www.spacecommatters.com\/\">Space Commerce Matters<\/a>, reembolse alrededor de 128.000 d\u00f3lares, que es una m\u00ednima fracci\u00f3n de lo que se espera que cueste el proyecto en general.<\/p>\n<p><!-- BREAK 4 --><\/p>\n<div class=\"article-asset article-asset-normal article-asset-center\">\n<div class=\"desvio-container\">\n<div class=\"desvio\">\n<div class=\"desvio-figure js-desvio-figure\"> <a href=\"https:\/\/www.trendencias.com\/belleza\/asi-ideal-coleccion-maquillaje-danielle-lauder-nieta-estee-lauder\"> <img alt=\"As\u00ed de ideal es la colecci\u00f3n de maquillaje de Danielle Lauder, nieta de Est\u00e9e Lauder\" src=\"http:\/\/hoycordobaweb.com\/wp-content\/uploads\/2020\/09\/mas-alla-de-las-estrellas-estee-lauder-viaja-al-espacio-de-la-mano-de-la-nasa-1.jpg\"> <\/a> <\/div><\/div><\/div>\n<\/div>\n<div class=\"article-asset-image article-asset-normal article-asset-center\">\n<div class=\"asset-content\"> <img class=\"sf-lazy centro_sinmarco\" data-sf-srcset=\"http:\/\/hoycordobaweb.com\/wp-content\/uploads\/2020\/09\/mas-alla-de-las-estrellas-estee-lauder-viaja-al-espacio-de-la-mano-de-la-nasa-2.jpg 450w, http:\/\/hoycordobaweb.com\/wp-content\/uploads\/2020\/09\/mas-alla-de-las-estrellas-estee-lauder-viaja-al-espacio-de-la-mano-de-la-nasa-4.jpg 681w,http:\/\/hoycordobaweb.com\/wp-content\/uploads\/2020\/09\/mas-alla-de-las-estrellas-estee-lauder-viaja-al-espacio-de-la-mano-de-la-nasa-5.jpg 1024w, http:\/\/hoycordobaweb.com\/wp-content\/uploads\/2020\/09\/mas-alla-de-las-estrellas-estee-lauder-viaja-al-espacio-de-la-mano-de-la-nasa-6.jpg 1366w,\" data-sf-src=\"http:\/\/hoycordobaweb.com\/wp-content\/uploads\/2020\/09\/mas-alla-de-las-estrellas-estee-lauder-viaja-al-espacio-de-la-mano-de-la-nasa-2.jpg\" alt=\"Estee lauder\"> <noscript><img alt=\"Estee lauder\" class=\"centro_sinmarco\" src=\"http:\/\/hoycordobaweb.com\/wp-content\/uploads\/2020\/09\/mas-alla-de-las-estrellas-estee-lauder-viaja-al-espacio-de-la-mano-de-la-nasa-2.jpg\"><\/noscript> <\/div>\n<\/div>\n<p>En todo caso, este tipo de campa\u00f1as forman parte de los esfuerzos de la NASA para <em>\u00abcomercializar\u00bb<\/em> el espacio, lo que incluir\u00edan &nbsp;tambi\u00e9n actividades de \u00abpublicidad y marketing\u00bb, incluido<a href=\"https:\/\/www.xataka.com\/espacio\/vuelos-suborbitales-comerciales-estan-suficientemente-cerca-nasa-este-oficialmente-interesada-utilizarlos\"> el turismo<\/a> o la creaci\u00f3n de entretenimiento.<\/p>\n<p><!-- BREAK 5 --><\/p>\n<p>Sin &nbsp;duda, una iniciativa incre\u00edble que hace que ampliemos los horizontes de una manera casi impensable.<\/p>\n<p><!-- BREAK 6 --><\/p>\n<p>Fotos | Est\u00e9e Lauder<\/p>\n<\/p><\/div>\n<div readability=\"18.964705882353\">\n<div class=\"article-social-share js-article-social-share m-in-links\" readability=\"24.32\">\n<p> Compartir <q class=\"article-social-share-meta\"> M\u00e1s all\u00e1 de las estrellas: Est\u00e9e Lauder viaja al espacio de la mano de la NASA <\/q> <\/p>\n<\/p><\/div><\/div>\n","protected":false},"excerpt":{"rendered":"<p>Hay noticias curiosas en el mundo de la belleza y luego est\u00e1 esta que nos ha dejado a todos bastante ojipl\u00e1ticos. Y es que saber que las m\u00edticas botellitas marrones del suero Advanced Night Repair de Est\u00e9e Lauder van a viajar al espacio, nos ha alucinado. Pues s\u00ed Est\u00e9e Lauder va a mandar diez botellitas [&hellip;]<\/p>\n","protected":false},"author":1,"featured_media":2214,"comment_status":"closed","ping_status":"closed","sticky":false,"template":"","format":"standard","meta":[],"categories":[1],"tags":[],"_links":{"self":[{"href":"http:\/\/hoycordobaweb.com\/index.php\/wp-json\/wp\/v2\/posts\/2213"}],"collection":[{"href":"http:\/\/hoycordobaweb.com\/index.php\/wp-json\/wp\/v2\/posts"}],"about":[{"href":"http:\/\/hoycordobaweb.com\/index.php\/wp-json\/wp\/v2\/types\/post"}],"author":[{"embeddable":true,"href":"http:\/\/hoycordobaweb.com\/index.php\/wp-json\/wp\/v2\/users\/1"}],"replies":[{"embeddable":true,"href":"http:\/\/hoycordobaweb.com\/index.php\/wp-json\/wp\/v2\/comments?post=2213"}],"version-history":[{"count":0,"href":"http:\/\/hoycordobaweb.com\/index.php\/wp-json\/wp\/v2\/posts\/2213\/revisions"}],"wp:featuredmedia":[{"embeddable":true,"href":"http:\/\/hoycordobaweb.com\/index.php\/wp-json\/wp\/v2\/media\/2214"}],"wp:attachment":[{"href":"http:\/\/hoycordobaweb.com\/index.php\/wp-json\/wp\/v2\/media?parent=2213"}],"wp:term":[{"taxonomy":"category","embeddable":true,"href":"http:\/\/hoycordobaweb.com\/index.php\/wp-json\/wp\/v2\/categories?post=2213"},{"taxonomy":"post_tag","embeddable":true,"href":"http:\/\/hoycordobaweb.com\/index.php\/wp-json\/wp\/v2\/tags?post=2213"}],"curies":[{"name":"wp","href":"https:\/\/api.w.org\/{rel}","templated":true}]}}