{"id":2205,"date":"2020-09-24T18:13:03","date_gmt":"2020-09-24T18:13:03","guid":{"rendered":"https:\/\/www.mujerhoy.com\/vivir\/salud\/202009\/24\/hija-bertin-osborne-claudia-meditacion-para-superar-problemas-mentales-depresion-20200924163505.html"},"modified":"2020-09-24T18:13:03","modified_gmt":"2020-09-24T18:13:03","slug":"meditacion-la-practica-para-la-superacion-personal-que-ha-ayudado-a-claudia-la-hija-pequena-de-bertin-osborne-a-solucionar-sus-conflictos-emocionales","status":"publish","type":"post","link":"http:\/\/hoycordobaweb.com\/index.php\/2020\/09\/24\/meditacion-la-practica-para-la-superacion-personal-que-ha-ayudado-a-claudia-la-hija-pequena-de-bertin-osborne-a-solucionar-sus-conflictos-emocionales\/","title":{"rendered":"Meditaci\u00f3n, la pr\u00e1ctica para la superaci\u00f3n personal que ha ayudado a Claudia, la hija peque\u00f1a de Bert\u00edn Osborne, a solucionar sus conflictos emocionales"},"content":{"rendered":"<div><img src=\"http:\/\/hoycordobaweb.com\/wp-content\/uploads\/2020\/09\/meditacion-la-practica-para-la-superacion-personal-que-ha-ayudado-a-claudia-la-hija-pequena-de-bertin-osborne-a-solucionar-sus-conflictos-emocionales.jpg\" class=\"ff-og-image-inserted\"><\/div>\n<p>Solo quedan cinco d\u00edas para que el libro de <a href=\"https:\/\/www.mujerhoy.com\/celebrities\/202009\/23\/como-supero-hija-bertin-osborne-claudia-depresion-enfermedad-madre-20200923163601.html\" target=\"_self\" rel=\"noopener noreferrer\">Claudia Osborne, la hija peque\u00f1a de Bert\u00edn Osborne<\/a> salga a la luz. La hija m\u00e1s desconocida del presentador ha abierto su coraz\u00f3n en<strong> \u00abLo mejor de ti. El arte de conocerse y cuidarse a uno mismo para ser feliz\u00bb<\/strong>, donde cuenta c\u00f3mo ha sido su vida hasta los 30 a\u00f1os, llena de toxicidad y problemas emocionales como la ansiedad y los trastornos alimenticios antes de que pusiera un stop a su vida y se embarcara en el coaching, disciplina a trav\u00e9s de la cual ha conseguido salir del bucle en que se encontraba y encontrarse a s\u00ed misma, experiencia que cuenta en el libro.<\/p>\n<p> Hija de <strong>Bert\u00edn y Sandra Domeneq<\/strong> (la primera esposa de Osborne), Claudia se encontr\u00f3 en un punto de inflexi\u00f3n en la treintena cuando ya hab\u00eda sufrido dos depresiones, una debido a una relaci\u00f3n amorosa t\u00f3xica y la segunda, debido a un desenga\u00f1o amoroso. Tras estos episodios y la lucha contra un <a href=\"https:\/\/www.mujerhoy.com\/vivir\/salud\/201709\/20\/famosas-tuvieron-anorexia-trastornos-40832563351-ga.html\" target=\"_self\" rel=\"noopener noreferrer\">desorden alimenticio<\/a>, Claudia decidi\u00f3 buscar ayuda: y la <a href=\"https:\/\/www.mujerhoy.com\/vivir\/salud\/201909\/12\/como-empezar-a-meditar-20190911204529.html\" target=\"_self\" rel=\"noopener noreferrer\">encontr\u00f3 en la meditaci\u00f3n<\/a>, el yoga y el coaching, abri\u00e9ndole la ventana a un nuevo mundo lleno de posibilidades a la hora de sanar. <\/p>\n<p>Su cuenta de Instgram es el claro reflejo de este nuevo camino: sesiones de meditaci\u00f3n, rituales y una estrecha relaci\u00f3n con los benificios de las piedras energ\u00e9ticas, son el tipo de publicaciones que comparte la life coach. <\/p>\n<p>Para ella, la meditaci\u00f3n es mcuho m\u00e1s que una simple pr\u00e1ctica, \u00abLa meditaci\u00f3n para m\u00ed lo ha sido todo durante una \u00e9poca de mi vida. Cuando decid\u00ed empezar a trabajar en m\u00ed la meditaci\u00f3n fue la herramienta que m\u00e1s me ayudo a ir hacia dentro, a escucharme, a conocerme y fue gracias a conectar conmigo misma que empec\u00e9 a darme cuenta de lo que deb\u00eda limpiar. La meditaci\u00f3n yo dir\u00eda que es la clave cuando empiezas a recorrer el camino de la sanaci\u00f3n, as\u00ed que tengo much\u00edsimo que agradecerle\u00bb, explica. <\/p>\n<div class=\"tb-interesa\">\n<h3>Tambi\u00e9n te interesa<\/h3>\n<\/div>\n","protected":false},"excerpt":{"rendered":"<p>Solo quedan cinco d\u00edas para que el libro de Claudia Osborne, la hija peque\u00f1a de Bert\u00edn Osborne salga a la luz. La hija m\u00e1s desconocida del presentador ha abierto su coraz\u00f3n en \u00abLo mejor de ti. El arte de conocerse y cuidarse a uno mismo para ser feliz\u00bb, donde cuenta c\u00f3mo ha sido su vida [&hellip;]<\/p>\n","protected":false},"author":1,"featured_media":2206,"comment_status":"closed","ping_status":"closed","sticky":false,"template":"","format":"standard","meta":[],"categories":[1],"tags":[],"_links":{"self":[{"href":"http:\/\/hoycordobaweb.com\/index.php\/wp-json\/wp\/v2\/posts\/2205"}],"collection":[{"href":"http:\/\/hoycordobaweb.com\/index.php\/wp-json\/wp\/v2\/posts"}],"about":[{"href":"http:\/\/hoycordobaweb.com\/index.php\/wp-json\/wp\/v2\/types\/post"}],"author":[{"embeddable":true,"href":"http:\/\/hoycordobaweb.com\/index.php\/wp-json\/wp\/v2\/users\/1"}],"replies":[{"embeddable":true,"href":"http:\/\/hoycordobaweb.com\/index.php\/wp-json\/wp\/v2\/comments?post=2205"}],"version-history":[{"count":0,"href":"http:\/\/hoycordobaweb.com\/index.php\/wp-json\/wp\/v2\/posts\/2205\/revisions"}],"wp:featuredmedia":[{"embeddable":true,"href":"http:\/\/hoycordobaweb.com\/index.php\/wp-json\/wp\/v2\/media\/2206"}],"wp:attachment":[{"href":"http:\/\/hoycordobaweb.com\/index.php\/wp-json\/wp\/v2\/media?parent=2205"}],"wp:term":[{"taxonomy":"category","embeddable":true,"href":"http:\/\/hoycordobaweb.com\/index.php\/wp-json\/wp\/v2\/categories?post=2205"},{"taxonomy":"post_tag","embeddable":true,"href":"http:\/\/hoycordobaweb.com\/index.php\/wp-json\/wp\/v2\/tags?post=2205"}],"curies":[{"name":"wp","href":"https:\/\/api.w.org\/{rel}","templated":true}]}}