{"id":21991,"date":"2021-06-05T03:04:00","date_gmt":"2021-06-05T03:04:00","guid":{"rendered":"http:\/\/hoycordobaweb.com\/?p=21991"},"modified":"2021-06-05T03:04:00","modified_gmt":"2021-06-05T03:04:00","slug":"gustavo-german-gonzalez-una-vida-al-servicio-de-la-tinta-roja","status":"publish","type":"post","link":"http:\/\/hoycordobaweb.com\/index.php\/2021\/06\/05\/gustavo-german-gonzalez-una-vida-al-servicio-de-la-tinta-roja\/","title":{"rendered":"Gustavo Germ\u00e1n Gonz\u00e1lez: una vida al servicio de la tinta roja"},"content":{"rendered":"<p><img src=\"http:\/\/hoycordobaweb.com\/wp-content\/uploads\/2021\/06\/gustavo-german-gonzalez-una-vida-al-servicio-de-la-tinta-roja.jpg\"><\/p>\n<div class=\"image\" id=\"image\" readability=\"9\"> <img src=\"http:\/\/hoycordobaweb.com\/wp-content\/uploads\/2021\/06\/gustavo-german-gonzalez-una-vida-al-servicio-de-la-tinta-roja-2.jpg\" alt=\"Las cr\u00f3nicas de Gonz\u00e1lez eran una de las atracciones de Cr\u00edtica, diario que rompi\u00f3 r\u00e9cords de venta.\" title=\"Las cr\u00f3nicas de Gonz\u00e1lez eran una de las atracciones de Cr\u00edtica, diario que rompi\u00f3 r\u00e9cords de venta.\"><\/p>\n<p>Las cr\u00f3nicas de Gonz\u00e1lez eran una de las atracciones de Cr\u00edtica, diario que rompi\u00f3 r\u00e9cords de venta.<\/p>\n<\/div>\n<p>El primer dato del asunto lleg\u00f3 a la redacci\u00f3n del diario Cr\u00edtica a trav\u00e9s de una llamada telef\u00f3nica. Era una sofocante tarde del verano de 1940 y el periodista Gustavo Germ\u00e1n Gonz\u00e1lez \u2013que <strong>firmaba sus art\u00edculos \u201cGGG\u201d<\/strong>, casi como una risa\u2013 tom\u00f3 el auricular con una expresi\u00f3n de pesadez.<\/p>\n<p>Estaba agobiado por el calor. Adem\u00e1s sent\u00eda cierto fastidio cada vez que recib\u00eda esa clase de llamadas. Generalmente eran lectores que se comunicaban con \u00e9l para denunciar algo sin importancia. Pero en aquel momento se llev\u00f3 una sorpresa.<\/p>\n<p><em>\u2013\u00a1Encontr\u00e9 un cad\u00e1ver, don! Hay una nena muerta en el bald\u00edo que est\u00e1 al lado de mi casa<\/em> \u2013solt\u00f3 una voz atropellada, desde el otro lado de la l\u00ednea.<\/p>\n<p>Gonz\u00e1lez sinti\u00f3 un ramalazo de adrenalina; tambi\u00e9n intuy\u00f3 que de esa breve frase saldr\u00eda el titular de la sexta edici\u00f3n.<\/p>\n<p>Diez minutos despu\u00e9s, un Plymouth negro del diario lleg\u00f3 a la esquina de la calle Defensa y la cortada de San Lorenzo, Primero salt\u00f3 de la cabina <strong>el fot\u00f3grafo, un sujeto esmirriado que respond\u00eda al apodo de \u201cTitino\u201d<\/strong>. Entre sus manos sosten\u00eda una enorme c\u00e1mara Graflex Speed con flash incorporado, ya lista para disparar.<\/p>\n<div class=\"image-left\" readability=\"7\"> <img src=\"http:\/\/hoycordobaweb.com\/wp-content\/uploads\/2021\/06\/gustavo-german-gonzalez-una-vida-al-servicio-de-la-tinta-roja-3.jpg\" alt=\"GGG falleci\u00f3 en 1969 y su vida profesional siempre estuvo ligada a Cr\u00edtica.\" title=\"GGG falleci\u00f3 en 1969 y su vida profesional siempre estuvo ligada a Cr\u00edtica.\"><\/p>\n<p>GGG falleci\u00f3 en 1969 y su vida profesional siempre estuvo ligada a Cr\u00edtica.<\/p>\n<\/div>\n<p>Pero Gonz\u00e1lez lo fren\u00f3 para indicarle que esperara en el veh\u00edculo, a sabiendas de que la s\u00fabita irrupci\u00f3n de los reporteros gr\u00e1ficos sol\u00eda cohibir a los testigos de hechos horrorosos.<\/p>\n<p>Luego, con pasos lentos, <strong>se encamin\u00f3 hacia la entrada del mercado de San Telmo.<\/strong> All\u00ed hab\u00eda quedado en encontrarse con el autor de la llamada. Pero el tipo brillaba por su ausencia. Transcurridos unos cinco minutos, comenz\u00f3 a masticar la posibilidad de haber sido blanco de una broma, porque en ese sitio no hab\u00eda ambiente de crimen.<\/p>\n<p><strong>Al rato vio salir de un conventillo una silueta que se dirig\u00eda hacia \u00e9l. Era el denunciante.<\/strong><\/p>\n<p>Se trataba de un sujeto de facciones macilentas que hed\u00eda a grapa. Pero no estaba borracho; en realidad, su \u00e1nimo parec\u00eda oscilar entre la ansiedad y la congoja. <strong>Su nombre: Pedro Bassi.&nbsp;GGG lo anot\u00f3 en su libretita. <\/strong>Y tras cruzar unas palabras con \u00e9l, se dej\u00f3 guiar hacia el bald\u00edo situado junto al conventillo.<\/p>\n<p>All\u00ed, el panorama era sobrecogedor.<\/p>\n<p>En un rinc\u00f3n del terreno, <strong>sobre una pila de escombros, yac\u00eda un cuerpo peque\u00f1o y ya muy p\u00e1lido.<\/strong> Estaba ca\u00eddo de espaldas, con el vestido levantado y la ropa interior desgarrada. En el cuello exhib\u00eda unas manchas viol\u00e1ceas. <strong>La ni\u00f1a muerta no tendr\u00eda m\u00e1s de siete a\u00f1os.<\/strong><\/p>\n<p>El cronista estaba vivamente impresionado, una rareza en \u00e9l. <strong>A lo largo de su trayectoria hab\u00edan desfilado ante sus ojos cientos de cad\u00e1veres. <\/strong>Algunos, descuartizados o acribillados, y otros casi intactos por la elegancia mortuoria de ciertos venenos. Pero nunca pudo acostumbrarse a la visi\u00f3n del cad\u00e1ver de un (o una) infante. Y ahora estaba all\u00ed, enmudecido.<\/p>\n<p>Quiz\u00e1s, en tales circunstancias, su mente lo haya transportado hacia el origen mismo de su pulsi\u00f3n por narrar delitos.&nbsp;<\/p>\n<p>No hay cianuro<\/p>\n<p><\/p>\n<div class=\"image\" id=\"image\" readability=\"10\"> <img src=\"http:\/\/hoycordobaweb.com\/wp-content\/uploads\/2021\/06\/gustavo-german-gonzalez-una-vida-al-servicio-de-la-tinta-roja-4.jpg\" alt=\"Una hist\u00f3rica tapa del diario de Botana: en 1926, GGG esclareci\u00f3 la muerte del concejal de la UCR, Carlos Ray.\" title=\"Una hist\u00f3rica tapa del diario de Botana: en 1926, GGG esclareci\u00f3 la muerte del concejal de la UCR, Carlos Ray.\"><\/p>\n<p>Una hist\u00f3rica tapa del diario de Botana: en 1926, GGG esclareci\u00f3 la muerte del concejal de la UCR, Carlos Ray.<\/p>\n<\/div>\n<p>Fue un crimen, desde luego, lo que dispar\u00f3 su vocaci\u00f3n.<\/p>\n<p>Era el invierno de 1915 cuando <strong>el inmigrante alem\u00e1n Miguel Ernst mat\u00f3 a su socio, Augusto Conrado Schneider.<\/strong> Su cad\u00e1ver, prolijamente trozado y envuelto en bolsas de arpillera, termin\u00f3 flotando en los lagos de Palermo. El asesino fue capturado tras una denodada pesquisa que mantuvo en vilo a la opini\u00f3n p\u00fablica.<\/p>\n<p><strong>Por entonces, la cr\u00f3nica policial era un g\u00e9nero bastardo<\/strong>, al punto de que la prensa tradicional la omit\u00eda. Pero no la cultura popular: las sagas criminales eran editadas en boletines de una sola hoja y se vend\u00edan como pan caliente en los barrios. Su formato narrativo no era menos peculiar, y algunas veces hasta se recurr\u00eda a la copla. Tal fue el caso de aquel homicidio, que supo pasar a la posteridad con las notas musicales de \u00abLa verbena de la paloma\u00bb y la siguiente versificaci\u00f3n: <em>\u201c\u00bfD\u00f3nde vas con ese bulto apurado? \/ A los lagos lo voy a tirar \/ Es el cuerpo de Augusto Conrado \/ al que acabo de descuartizar\u201d.<\/em><\/p>\n<p>Por esos d\u00edas, GGG era un ni\u00f1o de 13 a\u00f1os.<\/p>\n<p>El \u201cGordo\u201d \u2013como ya lo llamaban\u2013 estaba lejos de imaginar que, <strong>casi tres lustros despu\u00e9s, otro cad\u00e1ver descuartizado que tambi\u00e9n se descubri\u00f3 en los lagos de Palermo lo lanzar\u00eda definitivamente a la fama.<\/strong><\/p>\n<p>El 23 de enero de 1929, un pibe jugaba all\u00ed al f\u00fatbol, y la pelota se le fue al agua. Acudi\u00f3 en su ayuda un placero que juntaba hojas ca\u00eddas. El destino quiso que su rastrillo se enganchara con un paquete atado con alambre. <strong>En el interior del envoltorio hab\u00eda un torso de mujer.<\/strong><\/p>\n<p>Ese hallazgo coincidi\u00f3 en el tiempo con un espect\u00e1culo que convocaba multitudes en un teatro de la avenida Corrientes: \u00abLa flor azteca\u00bb. Se trataba de una cabeza decapitada que, en realidad, era de cera, la cual permanec\u00eda en una caja de vidrio y simulaba hablar mediante una ilusi\u00f3n visual articulada con un juego de luces y espejos. La cuesti\u00f3n es que <strong>el imaginario colectivo empez\u00f3 a asociarla con los restos humanos encontrados en el lago.<\/strong><\/p>\n<p>\u201c\u00a1Es el cuerpo de &#8216;La flor azteca&#8217;! Si total no le sirve para nada\u201d, sol\u00edan bromear los porte\u00f1os.<\/p>\n<p>Lo cierto es que <strong>la espectacular cobertura de GGG obtuvo la identidad de la v\u00edctima: Virginia Donatelli. <\/strong>Pero su pesquisa tambi\u00e9n obtuvo el nombre del asesino: Julio Bonini, un amante despechado que no tard\u00f3 en ser detenido.<\/p>\n<p>Claro que entre los logros del periodista tambi\u00e9n se cuenta el hecho de haber rescatado de la injusticia a personas inocentes.<br \/>Al respecto, resalta la vez que, <strong>en 1926, disfrazado de plomero, GGG se col\u00f3 en la morgue para develar la verdad de un crimen <\/strong>que por aquellos d\u00edas conmov\u00eda al p\u00fablico: el del concejal de la UCR, Carlos Ray, que muri\u00f3 al ser asaltado, aunque los investigadores cre\u00edan que quiz\u00e1s hab\u00eda sido envenenado, y que despu\u00e9s le dispararon un balazo para fraguar la causa de la muerte, <strong>en el marco de un drama \u201cpasional\u201d<\/strong> \u2013como se dec\u00eda por entonces\u2013. Tal hip\u00f3tesis tuvo a su amante, Mar\u00eda Poey de Canelo, bajo sospecha.<\/p>\n<p>El 22 de septiembre de ese a\u00f1o \u2013la misma tarde de la autopsia\u2013, <strong>Cr\u00edtica devel\u00f3 el enigma con un explosivo titular: \u201cNo hay cianuro\u201d.&nbsp;<\/strong>Esa frase se convirti\u00f3 en un latiguillo popular y hasta se puso de moda un tango bautizado as\u00ed.<\/p>\n<p>No es una exageraci\u00f3n afirmar que, gracias a los art\u00edculos de GGG, el m\u00edtico diario de Natalio Botana lleg\u00f3 a vender 750 mil ejemplares por edici\u00f3n.<\/p>\n<p>Un asesino a la intemperie<\/p>\n<p><\/p>\n<div class=\"image\" id=\"image\" readability=\"9\"> <img src=\"http:\/\/hoycordobaweb.com\/wp-content\/uploads\/2021\/06\/gustavo-german-gonzalez-una-vida-al-servicio-de-la-tinta-roja-5.jpg\" alt=\"La \u00faltima gran cobertura de GGG fue sobre \u201cEl descuartizador de Barracas\u201d, como la prensa bautiz\u00f3 al femicida Jorge Burgos.\" title=\"La \u00faltima gran cobertura de GGG fue sobre \u201cEl descuartizador de Barracas\u201d, como la prensa bautiz\u00f3 al femicida Jorge Burgos.\"><\/p>\n<p>La \u00faltima gran cobertura de GGG fue sobre \u201cEl descuartizador de Barracas\u201d, como la prensa bautiz\u00f3 al femicida Jorge Burgos.<\/p>\n<\/div>\n<p>Volviendo a San Telmo durante aquella sofocante tarde del verano de 1940,&nbsp;<strong>GGG segu\u00eda enmudecido ante el cuerpo de la ni\u00f1a muerta.<\/strong><\/p>\n<p>Hasta que, de pronto, le dijo a Bassi:<\/p>\n<p><em>\u2013\u00bfLa conoc\u00eda?<\/em><\/p>\n<p>La respuesta tard\u00f3 unos segundos en aflorar.&nbsp;<em>\u2013Es del barrio, don. Pero no s\u00e9 m\u00e1s.<\/em><\/p>\n<p>A continuaci\u00f3n, GGG regres\u00f3 al veh\u00edculo para decirle al fot\u00f3grafo que hiciera su trabajo. Mientras tanto, se ocup\u00f3 de llamar a la polic\u00eda.&nbsp;Bassi no se mov\u00eda de su lado.<\/p>\n<p>Ya ca\u00eda el sol cuando <strong>lleg\u00f3 una brigada de Homicidios, con el comisario M\u00e1ximo Salaberry a la cabeza.&nbsp;<\/strong>\u00c9ste saludo al periodista con una mueca exenta de cortes\u00eda, y observ\u00f3 a Bassi de soslayo, antes de preguntarle si hab\u00eda visto a alguien salir de all\u00ed.<\/p>\n<p><em>\u2013Cuando llegu\u00e9, todo estaba como ahora<\/em> \u2013dijo el testigo, con un toque de nerviosismo.<\/p>\n<p>El comisario le comunic\u00f3:&nbsp;<em>\u2013M\u00e1s tarde va tener que hacer una declaraci\u00f3n. Ahora vuelva a su casa, porque nosotros tenemos que trabajar.<\/em><\/p>\n<p><strong>Bassi gir\u00f3 sobre sus talones. Pero GGG lo ataj\u00f3.<\/strong><\/p>\n<p><em>&nbsp;\u2013Un momento<\/em> \u2013le dijo\u2013.<em> \u00bfC\u00f3mo descubriste el cuerpo?<\/em><\/p>\n<p>El tipo, ya sin nerviosismo, contest\u00f3:<\/p>\n<p><em>\u2013Por el olor. Sent\u00ed olor a muerto, y me met\u00ed.<\/em><\/p>\n<p>Salaberry no advirti\u00f3 nada extra\u00f1o en esa respuesta. Por el contrario, se mostr\u00f3 molesto ante la intromisi\u00f3n del periodista. Pero \u00e9ste le susurr\u00f3 al o\u00eddo:&nbsp;<\/p>\n<p><em>\u2013Ll\u00e9veselo comisario. Es el asesino.<\/em><\/p>\n<p>El polic\u00eda tard\u00f3 unos segundos en darse cuenta de que esa muerte fue tan reciente que <strong>el cad\u00e1ver a\u00fan no hab\u00eda tenido tiempo de exhalar olor.<\/strong><\/p>\n<p>Aquella tarde, la sexta edici\u00f3n del diario ofreci\u00f3 el siguiente titular con tipograf\u00eda gigante: <strong>\u201cCr\u00edtica resolvi\u00f3 el crimen de la cortada de San Lorenzo\u201d.<\/strong> M\u00e1s abajo, una foto a cuatro columnas mostraba la voluminosa figura de GGG junto al infanticida ya esposado.<\/p>\n<p>Una de las bellas artes<\/p>\n<p><\/p>\n<div class=\"image\" id=\"image\" readability=\"7\"> <img src=\"http:\/\/hoycordobaweb.com\/wp-content\/uploads\/2021\/06\/gustavo-german-gonzalez-una-vida-al-servicio-de-la-tinta-roja-6.jpg\" alt=\"Una recopilaci\u00f3n de las cr\u00f3nicas que GGG public\u00f3 en Cr\u00edtica.\" title=\"Una recopilaci\u00f3n de las cr\u00f3nicas que GGG public\u00f3 en Cr\u00edtica.\"><\/p>\n<p>Una recopilaci\u00f3n de las cr\u00f3nicas que GGG public\u00f3 en Cr\u00edtica.<\/p>\n<\/div>\n<p>GGG no pod\u00eda jactarse de tener una existencia ordenada. <strong>Hombre de la noche e infatigable bebedor,<\/strong> su estilo sol\u00eda generar un c\u00famulo de envidias y recelos.<\/p>\n<p>Una vez, alguien, mir\u00e1ndolo de refil\u00f3n, se acerc\u00f3 a Botana para decirle:<\/p>\n<p><em>\u2013 \u00a1Es un borracho!<\/em><\/p>\n<p>El director de Cr\u00edtica, r\u00e1pido de reflejos, le dispar\u00f3 la respuesta:<\/p>\n<p><em>\u2013Averig\u00fcen qu\u00e9 vino tomo para darle a los dem\u00e1s redactores.<\/em><\/p>\n<p>Cabe destacar que, por entonces, aquel diario contaba \u2013entre otros\u2013 con las siguientes plumas: <strong>Jorge Luis Borges, Ulises Petit de Murat, los hermanos Ra\u00fal y Enrique Gonz\u00e1lez Tu\u00f1\u00f3n, Carlos de la P\u00faa, Roberto Arlt <\/strong>y \u201cBarquina\u201d (un ex ascensorista de Cr\u00edtica, cuyo nombre era Francisco Loi\u00e1cono, al cual Botana le descubri\u00f3 dotes de periodista).<\/p>\n<p>Los \u00faltimos dos, junto con GGG, eran los m\u00e1s taquilleros de la casa.<\/p>\n<p>Botana falleci\u00f3 a ra\u00edz de un accidente automovil\u00edstico en Jujuy el 7 de agosto de 1941. Diez a\u00f1os despu\u00e9s, su familia vendi\u00f3 el diario a la editorial Haynes. <strong>Cr\u00edtica dej\u00f3 de publicarse en 1962. GGG trabaj\u00f3 all\u00ed hasta entonces.<\/strong><\/p>\n<p><strong>Su \u00faltima gran cobertura fue sobre \u201cEl descuartizador de Barracas\u201d:<\/strong> As\u00ed la prensa bautiz\u00f3 a Jorge Burgos, un muchacho de clase media que asesin\u00f3 a la empleada dom\u00e9stica Alcira Methyger, de quien se hab\u00eda enamorado de una manera a todas luces patol\u00f3gica. El caso, cuyos cap\u00edtulos inclu\u00edan un misterio inicial sobre la identidad de la finada <strong>\u2013cuyos restos fueron hallados en varios lugares de la ciudad\u2013 <\/strong>y la investigaci\u00f3n que dio con el matador, mantuvieron en vilo al p\u00fablico durante los primeros meses de 1955.<\/p>\n<p>Es digna de menci\u00f3n una de las cr\u00f3nicas de GGG al respecto, en la cual describe una visita al hogar de Burgos, en la calle Montes de Oca al 200. <strong>All\u00ed enumera los libros que el descuartizador atesoraba en su dormitorio<\/strong>; a saber: \u00abMuerte por traici\u00f3n\u00bb, de Amelia Reynolds Long y \u00abEl asesinato considerado como una de las bellas artes\u00bb, de Thomas de Quincey, junto con tres manuales sobre criminolog\u00eda. Burgos fue capturado el 16 de marzo.<\/p>\n<p> <iframe width=\"560\" height=\"315\" src=\"https:\/\/www.youtube.com\/embed\/B_29jKlaPtI?wmode=transparent&amp;showinfo=0&amp;autohide=1&amp;rel=0\" frameborder=\"0\" allowfullscreen>[embedded content]<\/iframe> <\/p>\n<p>La leyenda del diario Cr\u00edtica<\/p>\n<p>GGG atraves\u00f3 la etapa final de su carrera en el diario Cr\u00f3nica.<\/p>\n<p>En 1968, casi a punto de jubilarse, public\u00f3 <strong>una modesta edici\u00f3n de sus memorias, bajo el t\u00edtulo: \u00abCr\u00f3nicas del hampa porte\u00f1a \/ Cincuenta a\u00f1os entre polic\u00edas y delincuentes\u00bb.<\/strong><\/p>\n<p>Aquel texto \u2013jam\u00e1s reeditado\u2013, adem\u00e1s de ser extraordinario retrato de \u00e9poca, ofrece una pintura colorida del universo delictivo de Buenos Aires durante la primera mitad del siglo XX.<\/p>\n<p><strong>GGG termin\u00f3 sus d\u00edas trabajando en el diario Cr\u00f3nica .y muri\u00f3 en 1969.<\/strong><\/p>\n<p>En la actualidad, su trayectoria est\u00e1 sepultada en el olvido.&nbsp;&nbsp;<\/p>\n","protected":false},"excerpt":{"rendered":"<p>Las cr\u00f3nicas de Gonz\u00e1lez eran una de las atracciones de Cr\u00edtica, diario que rompi\u00f3 r\u00e9cords de venta. El primer dato del asunto lleg\u00f3 a la redacci\u00f3n del diario Cr\u00edtica a trav\u00e9s de una llamada telef\u00f3nica. Era una sofocante tarde del verano de 1940 y el periodista Gustavo Germ\u00e1n Gonz\u00e1lez \u2013que firmaba sus art\u00edculos \u201cGGG\u201d, casi [&hellip;]<\/p>\n","protected":false},"author":1,"featured_media":21992,"comment_status":"open","ping_status":"closed","sticky":false,"template":"","format":"standard","meta":[],"categories":[19],"tags":[],"_links":{"self":[{"href":"http:\/\/hoycordobaweb.com\/index.php\/wp-json\/wp\/v2\/posts\/21991"}],"collection":[{"href":"http:\/\/hoycordobaweb.com\/index.php\/wp-json\/wp\/v2\/posts"}],"about":[{"href":"http:\/\/hoycordobaweb.com\/index.php\/wp-json\/wp\/v2\/types\/post"}],"author":[{"embeddable":true,"href":"http:\/\/hoycordobaweb.com\/index.php\/wp-json\/wp\/v2\/users\/1"}],"replies":[{"embeddable":true,"href":"http:\/\/hoycordobaweb.com\/index.php\/wp-json\/wp\/v2\/comments?post=21991"}],"version-history":[{"count":0,"href":"http:\/\/hoycordobaweb.com\/index.php\/wp-json\/wp\/v2\/posts\/21991\/revisions"}],"wp:featuredmedia":[{"embeddable":true,"href":"http:\/\/hoycordobaweb.com\/index.php\/wp-json\/wp\/v2\/media\/21992"}],"wp:attachment":[{"href":"http:\/\/hoycordobaweb.com\/index.php\/wp-json\/wp\/v2\/media?parent=21991"}],"wp:term":[{"taxonomy":"category","embeddable":true,"href":"http:\/\/hoycordobaweb.com\/index.php\/wp-json\/wp\/v2\/categories?post=21991"},{"taxonomy":"post_tag","embeddable":true,"href":"http:\/\/hoycordobaweb.com\/index.php\/wp-json\/wp\/v2\/tags?post=21991"}],"curies":[{"name":"wp","href":"https:\/\/api.w.org\/{rel}","templated":true}]}}