{"id":21927,"date":"2021-06-04T12:19:00","date_gmt":"2021-06-04T12:19:00","guid":{"rendered":"https:\/\/fm-comunicar.com.ar\/contenido\/17713\/instalaran-un-centro-de-testeos-en-el-parque-de-guyon-por-este-fin-de-semana"},"modified":"2021-06-04T12:19:00","modified_gmt":"2021-06-04T12:19:00","slug":"instalaran-un-centro-de-testeos-en-el-parque-de-guyon-por-este-fin-de-semana","status":"publish","type":"post","link":"http:\/\/hoycordobaweb.com\/index.php\/2021\/06\/04\/instalaran-un-centro-de-testeos-en-el-parque-de-guyon-por-este-fin-de-semana\/","title":{"rendered":"Instalar\u00e1n un centro de testeos en el Parque de Guy\u00f3n por este fin de semana"},"content":{"rendered":"<p>Funcionar\u00e1 s\u00e1bado y domingo de 9:30 a 13:30 y de 15 a 18.\u00a0Cualquier vecino de la ciudad, por orden de llegada, ser\u00e1 testeado con el m\u00e9todo ant\u00edgeno que muestra el resultado en pocos minutos.<img src=\"http:\/\/hoycordobaweb.com\/wp-content\/uploads\/2021\/06\/instalaran-un-centro-de-testeos-en-el-parque-de-guyon-por-este-fin-de-semana.jpg\"><\/p>\n","protected":false},"excerpt":{"rendered":"<p>Funcionar\u00e1 s\u00e1bado y domingo de 9:30 a 13:30 y de 15 a 18.\u00a0Cualquier vecino de la ciudad, por orden de llegada, ser\u00e1 testeado con el m\u00e9todo ant\u00edgeno que muestra el resultado en pocos minutos.<\/p>\n","protected":false},"author":1,"featured_media":21928,"comment_status":"closed","ping_status":"closed","sticky":false,"template":"","format":"standard","meta":[],"categories":[18],"tags":[],"_links":{"self":[{"href":"http:\/\/hoycordobaweb.com\/index.php\/wp-json\/wp\/v2\/posts\/21927"}],"collection":[{"href":"http:\/\/hoycordobaweb.com\/index.php\/wp-json\/wp\/v2\/posts"}],"about":[{"href":"http:\/\/hoycordobaweb.com\/index.php\/wp-json\/wp\/v2\/types\/post"}],"author":[{"embeddable":true,"href":"http:\/\/hoycordobaweb.com\/index.php\/wp-json\/wp\/v2\/users\/1"}],"replies":[{"embeddable":true,"href":"http:\/\/hoycordobaweb.com\/index.php\/wp-json\/wp\/v2\/comments?post=21927"}],"version-history":[{"count":0,"href":"http:\/\/hoycordobaweb.com\/index.php\/wp-json\/wp\/v2\/posts\/21927\/revisions"}],"wp:featuredmedia":[{"embeddable":true,"href":"http:\/\/hoycordobaweb.com\/index.php\/wp-json\/wp\/v2\/media\/21928"}],"wp:attachment":[{"href":"http:\/\/hoycordobaweb.com\/index.php\/wp-json\/wp\/v2\/media?parent=21927"}],"wp:term":[{"taxonomy":"category","embeddable":true,"href":"http:\/\/hoycordobaweb.com\/index.php\/wp-json\/wp\/v2\/categories?post=21927"},{"taxonomy":"post_tag","embeddable":true,"href":"http:\/\/hoycordobaweb.com\/index.php\/wp-json\/wp\/v2\/tags?post=21927"}],"curies":[{"name":"wp","href":"https:\/\/api.w.org\/{rel}","templated":true}]}}